{"id":13685,"date":"2020-02-12T12:50:00","date_gmt":"2020-02-12T12:50:00","guid":{"rendered":"https:\/\/devalt-kambatiag.savviihq.com\/?p=13685"},"modified":"2023-06-08T10:40:01","modified_gmt":"2023-06-08T08:40:01","slug":"incidence-mondiale-du-coronavirus-sur-les-entreprises","status":"publish","type":"post","link":"https:\/\/www.altares.be\/fr\/blog\/data-analytics\/de-wereldwijde-business-impact-van-het-coronavirus\/","title":{"rendered":"Incidence mondiale du coronavirus sur les entreprises"},"content":{"rendered":"<p>\u00c0 mesure que le nouveau coronavirus s'\u00e9tend au-del\u00e0 des fronti\u00e8res de la Chine aux quatre coins du monde, nous avons une meilleure vision de son incidence globale. En moins d'un mois, des centaines de d\u00e9c\u00e8s ont \u00e9t\u00e9 enregistr\u00e9s et des dizaines de milliers de personnes ont \u00e9t\u00e9 contamin\u00e9es. Afin d'\u00e9valuer l\u2019incidence mondiale du virus depuis son \u00e9mergence, Dun &amp; Bradstreet a \u00e9labor\u00e9 un rapport de briefing sp\u00e9cial intitul\u00e9 \u00ab\u00a0Incidence mondiale du coronavirus sur les entreprises.\u00a0\u00bb<\/p>\n\n\n\n<figure class=\"wp-block-image size-full\"><img fetchpriority=\"high\" decoding=\"async\" width=\"900\" height=\"507\" src=\"https:\/\/www.altares.be\/wp-content\/uploads\/2020\/02\/De-wereldwijde-business-impact-van-het-Coronavirus.jpg\" alt=\"papier toilette dans coffre\" class=\"wp-image-36196\" srcset=\"https:\/\/www.altares.be\/wp-content\/uploads\/2020\/02\/De-wereldwijde-business-impact-van-het-Coronavirus.jpg 900w, https:\/\/www.altares.be\/wp-content\/uploads\/2020\/02\/De-wereldwijde-business-impact-van-het-Coronavirus-300x169.jpg 300w, https:\/\/www.altares.be\/wp-content\/uploads\/2020\/02\/De-wereldwijde-business-impact-van-het-Coronavirus-150x85.jpg 150w, https:\/\/www.altares.be\/wp-content\/uploads\/2020\/02\/De-wereldwijde-business-impact-van-het-Coronavirus-768x433.jpg 768w, https:\/\/www.altares.be\/wp-content\/uploads\/2020\/02\/De-wereldwijde-business-impact-van-het-Coronavirus-18x10.jpg 18w, https:\/\/www.altares.be\/wp-content\/uploads\/2020\/02\/De-wereldwijde-business-impact-van-het-Coronavirus-24x14.jpg 24w, https:\/\/www.altares.be\/wp-content\/uploads\/2020\/02\/De-wereldwijde-business-impact-van-het-Coronavirus-36x20.jpg 36w, https:\/\/www.altares.be\/wp-content\/uploads\/2020\/02\/De-wereldwijde-business-impact-van-het-Coronavirus-48x27.jpg 48w\" sizes=\"(max-width: 900px) 100vw, 900px\" \/><\/figure>\n\n\n\n<p>La Chine a tout mis en \u0153uvre afin d'endiguer la propagation du virus. Le Nouvel An chinois a \u00e9t\u00e9 annul\u00e9 presque partout dans le pays et des villes enti\u00e8res se sont confin\u00e9es. En l'absence de ces mesures sanitaires, le virus se serait probablement r\u00e9pandu de tous c\u00f4t\u00e9s. Toutefois, les mesures sanitaires adopt\u00e9es par la Chine ont une incidence sur les entreprises du monde entier.<\/p>\n\n\n\n<p>Afin d'\u00e9valuer l'incidence mondiale du virus depuis son \u00e9mergence, Dun &amp; Bradstreet a \u00e9labor\u00e9 un rapport sp\u00e9cial intitul\u00e9 \u00ab\u00a0Incidence mondiale du coronavirus sur les entreprises\u00a0\u00bb. L'objectif consiste \u00e0 aider les entreprises ayant un lien avec les r\u00e9gions touch\u00e9es \u00e0 mesurer les cons\u00e9quences potentielles pour leur entreprise, leurs cha\u00eenes d'approvisionnement et l'\u00e9conomie en g\u00e9n\u00e9ral.<\/p>\n\n\n\n<h2 class=\"wp-block-heading\">Incidence sur la Chine<\/h2>\n\n\n\n<p>Le rapport fait \u00e9tat d'un large \u00e9ventail d'entreprises touch\u00e9es, mais certains secteurs se d\u00e9marquent :<\/p>\n\n\n\n<ul class=\"wp-block-list\">\n<li>Les prestataires de services \u2013 En temps normal, le Nouvel An chinois est l'une des f\u00eates les plus importantes et les plus rentables du pays. Avec l'\u00e9mergence du virus, les autorit\u00e9s chinoises ont annul\u00e9 les rassemblements de masse afin d'\u00e9viter la propagation du coronavirus. La p\u00e9riode de vacances et les restrictions de voyage sont \u00e0 l'origine d'une pression sur les prestataires de services en Chine.<\/li>\n\n\n\n<li>La production \u2013 \u00c9galement touch\u00e9s par l'interdiction de voyager, les fabricants \u00e9prouvent des difficult\u00e9s \u00e0 acheminer les mati\u00e8res premi\u00e8res vers leurs usines. En outre, de nombreux fabricants devront reporter une \u00e9ventuelle r\u00e9ouverture en raison des quarantaines et des retards de livraison.<\/li>\n\n\n\n<li>Le commerce de gros \u2013 Tout comme les fabricants, les grossistes se battent pour acheminer leurs produits chez leurs clients. Ils sont touch\u00e9s par la crise, car leurs fournisseurs font face \u00e0 des probl\u00e8mes de personnel. En outre, la plupart des entreprises des zones touch\u00e9es sont des petits entrepreneurs comptant moins de 10 collaborateurs et des petites entreprises comptant moins de 100 employ\u00e9s. Ces entreprises seront probablement davantage touch\u00e9es par la crise et \u00e9prouveront plus de difficult\u00e9s \u00e0 se redresser, une fois le virus sous contr\u00f4le.<\/li>\n<\/ul>\n\n\n\n<p>Cette carte illustre les r\u00e9gions de Chine comptant au moins 100 cas COVID confirm\u00e9s et le pourcentage de toutes les entreprises touch\u00e9es.<\/p>\n\n\n\n<figure class=\"wp-block-image aligncenter size-full\"><img decoding=\"async\" width=\"697\" height=\"439\" src=\"https:\/\/www.altares.be\/wp-content\/uploads\/2020\/02\/coronavirus-tableau-697x439-1.jpg\" alt=\"coronavirus tableau\" class=\"wp-image-38257\" srcset=\"https:\/\/www.altares.be\/wp-content\/uploads\/2020\/02\/coronavirus-tableau-697x439-1.jpg 697w, https:\/\/www.altares.be\/wp-content\/uploads\/2020\/02\/coronavirus-tableau-697x439-1-300x189.jpg 300w, https:\/\/www.altares.be\/wp-content\/uploads\/2020\/02\/coronavirus-tableau-697x439-1-150x94.jpg 150w, https:\/\/www.altares.be\/wp-content\/uploads\/2020\/02\/coronavirus-tableau-697x439-1-18x12.jpg 18w, https:\/\/www.altares.be\/wp-content\/uploads\/2020\/02\/coronavirus-tableau-697x439-1-24x15.jpg 24w, https:\/\/www.altares.be\/wp-content\/uploads\/2020\/02\/coronavirus-tableau-697x439-1-36x23.jpg 36w, https:\/\/www.altares.be\/wp-content\/uploads\/2020\/02\/coronavirus-tableau-697x439-1-48x30.jpg 48w\" sizes=\"(max-width: 697px) 100vw, 697px\" \/><\/figure>\n\n\n\n<p>Carte interactive : d\u00e9couvrez&nbsp;<a href=\"https:\/\/public.tableau.com\/profile\/d.b5729#!\/vizhome\/CoronaVirusOutbreak\/Geography\" target=\"_blank\" rel=\"noreferrer noopener\">l'incidence du coronavirus sur les entreprises.<\/a><\/p>\n\n\n\n<h2 class=\"wp-block-heading\">Incidence sur la cha\u00eene d'approvisionnement mondiale<\/h2>\n\n\n\n<p>Les entreprises \u00e9trang\u00e8res sont \u00e9galement touch\u00e9es, car les fournisseurs chinois ne parviennent pas \u00e0 leur livrer les produits et les mat\u00e9riaux. Par ailleurs, de nombreux fournisseurs \u00e9trangers comptent sur les fournisseurs chinois pour respecter leurs obligations envers leurs clients.<\/p>\n\n\n\n<p>Si la propagation du coronavirus se poursuit, les cons\u00e9quences pour les entreprises du monde entier risquent de s'aggraver et les entreprises internationales seront sous pression, car leurs partenaires chinois dans le secteur des services ne parviendront pas (plus) \u00e0 acquitter leurs factures.<\/p>\n\n\n\n<p>En identifiant les risques en amont et en cherchant une solution, les entreprises \u00e9trang\u00e8res peuvent prot\u00e9ger leurs cha\u00eenes d'approvisionnement et \u00e9laborer des plans d'urgence. Une communication ouverte avec les fournisseurs et les clients peut permettre de conserver ces relations et de r\u00e9duire l'incertitude pendant l'\u00e9pid\u00e9mie.<\/p>\n\n\n\n<h2 class=\"wp-block-heading\">D\u00e9couvrez comment Dun &amp; Bradstreet peut aider votre entreprise<\/h2>\n\n\n\n<p>Le rapport complet relatif \u00e0 l'incidence du coronavirus sur les entreprises contient notamment :<\/p>\n\n\n\n<ul class=\"wp-block-list\">\n<li>Le nombre d'entreprises actives, y compris les filiales ou si\u00e8ges sociaux et soci\u00e9t\u00e9s s\u0153urs d'entreprises \u00e0 l'\u00e9tranger, dans la r\u00e9gion touch\u00e9e de Chine.<\/li>\n\n\n\n<li>Le nombre d'entreprises et d'entreprises Fortune 1000 dans le monde qui disposent au moins d'un fournisseur de premier ou de deuxi\u00e8me rang dans la r\u00e9gion touch\u00e9e de Chine.<\/li>\n\n\n\n<li>Le pourcentage d'entreprises concern\u00e9es dans la r\u00e9gion touch\u00e9e de Chine.<\/li>\n\n\n\n<li>Les effets \u00e9conomiques de l'\u00e9pid\u00e9mie par rapport au virus SARS et au virus Zika sur les march\u00e9s mondiaux et locaux.<\/li>\n\n\n\n<li>Deux sc\u00e9narios diff\u00e9rents en mati\u00e8re de restriction et leur effet pr\u00e9dictif.<\/li>\n<\/ul>\n\n\n\n<p>Le rapport mentionne \u00e9galement les bonnes pratiques tant \u00e0 court terme qu'\u00e0 long terme sur la fa\u00e7on dont les entreprises peuvent prot\u00e9ger leurs cha\u00eenes d'approvisionnement durant la pand\u00e9mie. Ces pratiques sont \u00e9galement applicables en cas d'autres \u00e9v\u00e8nements inattendus.<\/p>\n\n\n\n<p>Cliquez <a href=\"https:\/\/www.dnb.com\/content\/dam\/english\/economic-and-industry-insight\/DNB_Business_Impact_of_the_Coronavirus_US.pdf\" target=\"_blank\" rel=\"noreferrer noopener\">ici<\/a> pour consulter l'ensemble du rapport, y compris les bonnes pratiques en mati\u00e8re de protection de votre cha\u00eene d'approvisionnement.<\/p>\n\n\n\n<p><\/p>","protected":false},"excerpt":{"rendered":"<p>In minder dan een maand tijd zijn er wereldwijd tienduizenden mensen besmet geraakt. Om de wereldwijde impact van de uitbraak te beoordelen, heeft Dun &#038; Bradstreet een speciaal briefingrapport opgesteld.<\/p>","protected":false},"author":5,"featured_media":13728,"comment_status":"closed","ping_status":"closed","sticky":false,"template":"","format":"standard","meta":{"_acf_changed":false,"inline_featured_image":false,"footnotes":""},"categories":[1],"tags":[],"class_list":["post-13685","post","type-post","status-publish","format-standard","has-post-thumbnail","hentry","category-data-analytics"],"acf":[],"yoast_head":"<!-- This site is optimized with the Yoast SEO plugin v27.3 - https:\/\/yoast.com\/product\/yoast-seo-wordpress\/ -->\n<title>De wereldwijde business impact van het Coronavirus - Altares<\/title>\n<meta name=\"description\" content=\"Om de wereldwijde impact van de uitbraak te beoordelen, heeft Dun &amp; Bradstreet een rapport opgesteld: The Worldwide Business Impact of the Coronavirus.\" \/>\n<meta name=\"robots\" content=\"index, follow, max-snippet:-1, max-image-preview:large, max-video-preview:-1\" \/>\n<link rel=\"canonical\" href=\"https:\/\/www.altares.be\/fr\/blog\/data-analytics\/incidence-mondiale-du-coronavirus-sur-les-entreprises\/\" \/>\n<meta property=\"og:locale\" content=\"fr_FR\" \/>\n<meta property=\"og:type\" content=\"article\" \/>\n<meta property=\"og:title\" content=\"De wereldwijde business impact van het Coronavirus\" \/>\n<meta property=\"og:description\" content=\"Om de wereldwijde impact van de uitbraak te beoordelen, heeft Dun &amp; Bradstreet een rapport opgesteld: The Worldwide Business Impact of the Coronavirus.\" \/>\n<meta property=\"og:url\" content=\"https:\/\/www.altares.be\/fr\/blog\/data-analytics\/incidence-mondiale-du-coronavirus-sur-les-entreprises\/\" \/>\n<meta property=\"og:site_name\" content=\"Altares\" \/>\n<meta property=\"article:published_time\" content=\"2020-02-12T12:50:00+00:00\" \/>\n<meta property=\"article:modified_time\" content=\"2023-06-08T08:40:01+00:00\" \/>\n<meta property=\"og:image\" content=\"https:\/\/www.altares.be\/wp-content\/uploads\/2021\/03\/De-wereldwijde-business-impact-van-het-Coronavirus.png\" \/>\n\t<meta property=\"og:image:width\" content=\"1200\" \/>\n\t<meta property=\"og:image:height\" content=\"627\" \/>\n\t<meta property=\"og:image:type\" content=\"image\/png\" \/>\n<meta name=\"author\" content=\"Anne de Geus\" \/>\n<meta name=\"twitter:card\" content=\"summary_large_image\" \/>\n<meta name=\"twitter:title\" content=\"De wereldwijde business impact van het Coronavirus\" \/>\n<meta name=\"twitter:image\" content=\"https:\/\/www.altares.be\/wp-content\/uploads\/2021\/03\/De-wereldwijde-business-impact-van-het-Coronavirus.png\" \/>\n<meta name=\"twitter:label1\" content=\"\u00c9crit par\" \/>\n\t<meta name=\"twitter:data1\" content=\"Anne de Geus\" \/>\n\t<meta name=\"twitter:label2\" content=\"Dur\u00e9e de lecture est.\" \/>\n\t<meta name=\"twitter:data2\" content=\"4 minutes\" \/>\n<script type=\"application\/ld+json\" class=\"yoast-schema-graph\">{\"@context\":\"https:\\\/\\\/schema.org\",\"@graph\":[{\"@type\":\"Article\",\"@id\":\"https:\\\/\\\/www.altares.be\\\/blog\\\/data-analytics\\\/de-wereldwijde-business-impact-van-het-coronavirus\\\/#article\",\"isPartOf\":{\"@id\":\"https:\\\/\\\/www.altares.be\\\/blog\\\/data-analytics\\\/de-wereldwijde-business-impact-van-het-coronavirus\\\/\"},\"author\":{\"name\":\"Anne de Geus\",\"@id\":\"https:\\\/\\\/www.altares.be\\\/#\\\/schema\\\/person\\\/51de691f2083dfb43a1308c2f4b31b25\"},\"headline\":\"De wereldwijde business impact van het Coronavirus\",\"datePublished\":\"2020-02-12T12:50:00+00:00\",\"dateModified\":\"2023-06-08T08:40:01+00:00\",\"mainEntityOfPage\":{\"@id\":\"https:\\\/\\\/www.altares.be\\\/blog\\\/data-analytics\\\/de-wereldwijde-business-impact-van-het-coronavirus\\\/\"},\"wordCount\":690,\"publisher\":{\"@id\":\"https:\\\/\\\/www.altares.be\\\/#organization\"},\"image\":{\"@id\":\"https:\\\/\\\/www.altares.be\\\/blog\\\/data-analytics\\\/de-wereldwijde-business-impact-van-het-coronavirus\\\/#primaryimage\"},\"thumbnailUrl\":\"https:\\\/\\\/www.altares.be\\\/wp-content\\\/uploads\\\/2021\\\/03\\\/erik-mclean-GNHkPsONmac-unsplash-scaled.jpg\",\"articleSection\":[\"Data Analytics\"],\"inLanguage\":\"fr-BE\"},{\"@type\":\"WebPage\",\"@id\":\"https:\\\/\\\/www.altares.be\\\/blog\\\/data-analytics\\\/de-wereldwijde-business-impact-van-het-coronavirus\\\/\",\"url\":\"https:\\\/\\\/www.altares.be\\\/blog\\\/data-analytics\\\/de-wereldwijde-business-impact-van-het-coronavirus\\\/\",\"name\":\"De wereldwijde business impact van het Coronavirus - Altares\",\"isPartOf\":{\"@id\":\"https:\\\/\\\/www.altares.be\\\/#website\"},\"primaryImageOfPage\":{\"@id\":\"https:\\\/\\\/www.altares.be\\\/blog\\\/data-analytics\\\/de-wereldwijde-business-impact-van-het-coronavirus\\\/#primaryimage\"},\"image\":{\"@id\":\"https:\\\/\\\/www.altares.be\\\/blog\\\/data-analytics\\\/de-wereldwijde-business-impact-van-het-coronavirus\\\/#primaryimage\"},\"thumbnailUrl\":\"https:\\\/\\\/www.altares.be\\\/wp-content\\\/uploads\\\/2021\\\/03\\\/erik-mclean-GNHkPsONmac-unsplash-scaled.jpg\",\"datePublished\":\"2020-02-12T12:50:00+00:00\",\"dateModified\":\"2023-06-08T08:40:01+00:00\",\"description\":\"Om de wereldwijde impact van de uitbraak te beoordelen, heeft Dun & Bradstreet een rapport opgesteld: The Worldwide Business Impact of the Coronavirus.\",\"breadcrumb\":{\"@id\":\"https:\\\/\\\/www.altares.be\\\/blog\\\/data-analytics\\\/de-wereldwijde-business-impact-van-het-coronavirus\\\/#breadcrumb\"},\"inLanguage\":\"fr-BE\",\"potentialAction\":[{\"@type\":\"ReadAction\",\"target\":[\"https:\\\/\\\/www.altares.be\\\/blog\\\/data-analytics\\\/de-wereldwijde-business-impact-van-het-coronavirus\\\/\"]}]},{\"@type\":\"ImageObject\",\"inLanguage\":\"fr-BE\",\"@id\":\"https:\\\/\\\/www.altares.be\\\/blog\\\/data-analytics\\\/de-wereldwijde-business-impact-van-het-coronavirus\\\/#primaryimage\",\"url\":\"https:\\\/\\\/www.altares.be\\\/wp-content\\\/uploads\\\/2021\\\/03\\\/erik-mclean-GNHkPsONmac-unsplash-scaled.jpg\",\"contentUrl\":\"https:\\\/\\\/www.altares.be\\\/wp-content\\\/uploads\\\/2021\\\/03\\\/erik-mclean-GNHkPsONmac-unsplash-scaled.jpg\",\"width\":1707,\"height\":2560,\"caption\":\"De wereldwijde business impact van het Coronavirus\"},{\"@type\":\"BreadcrumbList\",\"@id\":\"https:\\\/\\\/www.altares.be\\\/blog\\\/data-analytics\\\/de-wereldwijde-business-impact-van-het-coronavirus\\\/#breadcrumb\",\"itemListElement\":[{\"@type\":\"ListItem\",\"position\":1,\"name\":\"Home\",\"item\":\"https:\\\/\\\/www.altares.be\\\/\"},{\"@type\":\"ListItem\",\"position\":2,\"name\":\"De wereldwijde business impact van het Coronavirus\"}]},{\"@type\":\"WebSite\",\"@id\":\"https:\\\/\\\/www.altares.be\\\/#website\",\"url\":\"https:\\\/\\\/www.altares.be\\\/\",\"name\":\"Altares\",\"description\":\"part of the Dun &amp; Bradstreet worldwide network\",\"publisher\":{\"@id\":\"https:\\\/\\\/www.altares.be\\\/#organization\"},\"potentialAction\":[{\"@type\":\"SearchAction\",\"target\":{\"@type\":\"EntryPoint\",\"urlTemplate\":\"https:\\\/\\\/www.altares.be\\\/?s={search_term_string}\"},\"query-input\":{\"@type\":\"PropertyValueSpecification\",\"valueRequired\":true,\"valueName\":\"search_term_string\"}}],\"inLanguage\":\"fr-BE\"},{\"@type\":\"Organization\",\"@id\":\"https:\\\/\\\/www.altares.be\\\/#organization\",\"name\":\"Altares\",\"url\":\"https:\\\/\\\/www.altares.be\\\/\",\"logo\":{\"@type\":\"ImageObject\",\"inLanguage\":\"fr-BE\",\"@id\":\"https:\\\/\\\/www.altares.be\\\/#\\\/schema\\\/logo\\\/image\\\/\",\"url\":\"https:\\\/\\\/www.altares.be\\\/wp-content\\\/uploads\\\/2021\\\/03\\\/Altares_RGB_liggend.svg\",\"contentUrl\":\"https:\\\/\\\/www.altares.be\\\/wp-content\\\/uploads\\\/2021\\\/03\\\/Altares_RGB_liggend.svg\",\"width\":145.57333,\"height\":20.52,\"caption\":\"Altares\"},\"image\":{\"@id\":\"https:\\\/\\\/www.altares.be\\\/#\\\/schema\\\/logo\\\/image\\\/\"}},{\"@type\":\"Person\",\"@id\":\"https:\\\/\\\/www.altares.be\\\/#\\\/schema\\\/person\\\/51de691f2083dfb43a1308c2f4b31b25\",\"name\":\"Anne de Geus\",\"image\":{\"@type\":\"ImageObject\",\"inLanguage\":\"fr-BE\",\"@id\":\"https:\\\/\\\/secure.gravatar.com\\\/avatar\\\/f637b195224280571c9d07af4b1944ab0828c5f570216b88cc1631795077e5eb?s=96&d=mm&r=g\",\"url\":\"https:\\\/\\\/secure.gravatar.com\\\/avatar\\\/f637b195224280571c9d07af4b1944ab0828c5f570216b88cc1631795077e5eb?s=96&d=mm&r=g\",\"contentUrl\":\"https:\\\/\\\/secure.gravatar.com\\\/avatar\\\/f637b195224280571c9d07af4b1944ab0828c5f570216b88cc1631795077e5eb?s=96&d=mm&r=g\",\"caption\":\"Anne de Geus\"}}]}<\/script>\n<!-- \/ Yoast SEO plugin. -->","yoast_head_json":{"title":"Incidence mondiale du coronavirus sur les entreprises \u2013 Altares","description":"Afin d'\u00e9valuer l\u2019incidence mondiale du virus depuis son \u00e9mergence, Dun &amp; Bradstreet a \u00e9labor\u00e9 un rapport de briefing sp\u00e9cial intitul\u00e9 Incidence mondiale du coronavirus sur les entreprises.","robots":{"index":"index","follow":"follow","max-snippet":"max-snippet:-1","max-image-preview":"max-image-preview:large","max-video-preview":"max-video-preview:-1"},"canonical":"https:\/\/www.altares.be\/fr\/blog\/data-analytics\/incidence-mondiale-du-coronavirus-sur-les-entreprises\/","og_locale":"fr_FR","og_type":"article","og_title":"De wereldwijde business impact van het Coronavirus","og_description":"Om de wereldwijde impact van de uitbraak te beoordelen, heeft Dun & Bradstreet een rapport opgesteld: The Worldwide Business Impact of the Coronavirus.","og_url":"https:\/\/www.altares.be\/fr\/blog\/data-analytics\/incidence-mondiale-du-coronavirus-sur-les-entreprises\/","og_site_name":"Altares","article_published_time":"2020-02-12T12:50:00+00:00","article_modified_time":"2023-06-08T08:40:01+00:00","og_image":[{"width":1200,"height":627,"url":"https:\/\/www.altares.be\/wp-content\/uploads\/2021\/03\/De-wereldwijde-business-impact-van-het-Coronavirus.png","type":"image\/png"}],"author":"Anne de Geus","twitter_card":"summary_large_image","twitter_title":"De wereldwijde business impact van het Coronavirus","twitter_image":"https:\/\/www.altares.be\/wp-content\/uploads\/2021\/03\/De-wereldwijde-business-impact-van-het-Coronavirus.png","twitter_misc":{"\u00c9crit par":"Anne de Geus","Dur\u00e9e de lecture est.":"4 minutes"},"schema":{"@context":"https:\/\/schema.org","@graph":[{"@type":"Article","@id":"https:\/\/www.altares.be\/blog\/data-analytics\/de-wereldwijde-business-impact-van-het-coronavirus\/#article","isPartOf":{"@id":"https:\/\/www.altares.be\/blog\/data-analytics\/de-wereldwijde-business-impact-van-het-coronavirus\/"},"author":{"name":"Anne de Geus","@id":"https:\/\/www.altares.be\/#\/schema\/person\/51de691f2083dfb43a1308c2f4b31b25"},"headline":"De wereldwijde business impact van het Coronavirus","datePublished":"2020-02-12T12:50:00+00:00","dateModified":"2023-06-08T08:40:01+00:00","mainEntityOfPage":{"@id":"https:\/\/www.altares.be\/blog\/data-analytics\/de-wereldwijde-business-impact-van-het-coronavirus\/"},"wordCount":690,"publisher":{"@id":"https:\/\/www.altares.be\/#organization"},"image":{"@id":"https:\/\/www.altares.be\/blog\/data-analytics\/de-wereldwijde-business-impact-van-het-coronavirus\/#primaryimage"},"thumbnailUrl":"https:\/\/www.altares.be\/wp-content\/uploads\/2021\/03\/erik-mclean-GNHkPsONmac-unsplash-scaled.jpg","articleSection":["Data Analytics"],"inLanguage":"fr-BE"},{"@type":"WebPage","@id":"https:\/\/www.altares.be\/blog\/data-analytics\/de-wereldwijde-business-impact-van-het-coronavirus\/","url":"https:\/\/www.altares.be\/blog\/data-analytics\/de-wereldwijde-business-impact-van-het-coronavirus\/","name":"Incidence mondiale du coronavirus sur les entreprises \u2013 Altares","isPartOf":{"@id":"https:\/\/www.altares.be\/#website"},"primaryImageOfPage":{"@id":"https:\/\/www.altares.be\/blog\/data-analytics\/de-wereldwijde-business-impact-van-het-coronavirus\/#primaryimage"},"image":{"@id":"https:\/\/www.altares.be\/blog\/data-analytics\/de-wereldwijde-business-impact-van-het-coronavirus\/#primaryimage"},"thumbnailUrl":"https:\/\/www.altares.be\/wp-content\/uploads\/2021\/03\/erik-mclean-GNHkPsONmac-unsplash-scaled.jpg","datePublished":"2020-02-12T12:50:00+00:00","dateModified":"2023-06-08T08:40:01+00:00","description":"Afin d'\u00e9valuer l\u2019incidence mondiale du virus depuis son \u00e9mergence, Dun &amp; Bradstreet a \u00e9labor\u00e9 un rapport de briefing sp\u00e9cial intitul\u00e9 Incidence mondiale du coronavirus sur les entreprises.","breadcrumb":{"@id":"https:\/\/www.altares.be\/blog\/data-analytics\/de-wereldwijde-business-impact-van-het-coronavirus\/#breadcrumb"},"inLanguage":"fr-BE","potentialAction":[{"@type":"ReadAction","target":["https:\/\/www.altares.be\/blog\/data-analytics\/de-wereldwijde-business-impact-van-het-coronavirus\/"]}]},{"@type":"ImageObject","inLanguage":"fr-BE","@id":"https:\/\/www.altares.be\/blog\/data-analytics\/de-wereldwijde-business-impact-van-het-coronavirus\/#primaryimage","url":"https:\/\/www.altares.be\/wp-content\/uploads\/2021\/03\/erik-mclean-GNHkPsONmac-unsplash-scaled.jpg","contentUrl":"https:\/\/www.altares.be\/wp-content\/uploads\/2021\/03\/erik-mclean-GNHkPsONmac-unsplash-scaled.jpg","width":1707,"height":2560,"caption":"De wereldwijde business impact van het Coronavirus"},{"@type":"BreadcrumbList","@id":"https:\/\/www.altares.be\/blog\/data-analytics\/de-wereldwijde-business-impact-van-het-coronavirus\/#breadcrumb","itemListElement":[{"@type":"ListItem","position":1,"name":"Home","item":"https:\/\/www.altares.be\/"},{"@type":"ListItem","position":2,"name":"De wereldwijde business impact van het Coronavirus"}]},{"@type":"WebSite","@id":"https:\/\/www.altares.be\/#website","url":"https:\/\/www.altares.be\/","name":"Altares","description":"partenaire du r\u00e9seau mondial de Dun\u00a0&amp;\u00a0Bradstreet","publisher":{"@id":"https:\/\/www.altares.be\/#organization"},"potentialAction":[{"@type":"SearchAction","target":{"@type":"EntryPoint","urlTemplate":"https:\/\/www.altares.be\/?s={search_term_string}"},"query-input":{"@type":"PropertyValueSpecification","valueRequired":true,"valueName":"search_term_string"}}],"inLanguage":"fr-BE"},{"@type":"Organization","@id":"https:\/\/www.altares.be\/#organization","name":"Altares","url":"https:\/\/www.altares.be\/","logo":{"@type":"ImageObject","inLanguage":"fr-BE","@id":"https:\/\/www.altares.be\/#\/schema\/logo\/image\/","url":"https:\/\/www.altares.be\/wp-content\/uploads\/2021\/03\/Altares_RGB_liggend.svg","contentUrl":"https:\/\/www.altares.be\/wp-content\/uploads\/2021\/03\/Altares_RGB_liggend.svg","width":145.57333,"height":20.52,"caption":"Altares"},"image":{"@id":"https:\/\/www.altares.be\/#\/schema\/logo\/image\/"}},{"@type":"Person","@id":"https:\/\/www.altares.be\/#\/schema\/person\/51de691f2083dfb43a1308c2f4b31b25","name":"Anne de Geus","image":{"@type":"ImageObject","inLanguage":"fr-BE","@id":"https:\/\/secure.gravatar.com\/avatar\/f637b195224280571c9d07af4b1944ab0828c5f570216b88cc1631795077e5eb?s=96&d=mm&r=g","url":"https:\/\/secure.gravatar.com\/avatar\/f637b195224280571c9d07af4b1944ab0828c5f570216b88cc1631795077e5eb?s=96&d=mm&r=g","contentUrl":"https:\/\/secure.gravatar.com\/avatar\/f637b195224280571c9d07af4b1944ab0828c5f570216b88cc1631795077e5eb?s=96&d=mm&r=g","caption":"Anne de Geus"}}]}},"_links":{"self":[{"href":"https:\/\/www.altares.be\/fr\/wp-json\/wp\/v2\/posts\/13685","targetHints":{"allow":["GET"]}}],"collection":[{"href":"https:\/\/www.altares.be\/fr\/wp-json\/wp\/v2\/posts"}],"about":[{"href":"https:\/\/www.altares.be\/fr\/wp-json\/wp\/v2\/types\/post"}],"author":[{"embeddable":true,"href":"https:\/\/www.altares.be\/fr\/wp-json\/wp\/v2\/users\/5"}],"replies":[{"embeddable":true,"href":"https:\/\/www.altares.be\/fr\/wp-json\/wp\/v2\/comments?post=13685"}],"version-history":[{"count":0,"href":"https:\/\/www.altares.be\/fr\/wp-json\/wp\/v2\/posts\/13685\/revisions"}],"wp:featuredmedia":[{"embeddable":true,"href":"https:\/\/www.altares.be\/fr\/wp-json\/wp\/v2\/media\/13728"}],"wp:attachment":[{"href":"https:\/\/www.altares.be\/fr\/wp-json\/wp\/v2\/media?parent=13685"}],"wp:term":[{"taxonomy":"category","embeddable":true,"href":"https:\/\/www.altares.be\/fr\/wp-json\/wp\/v2\/categories?post=13685"},{"taxonomy":"post_tag","embeddable":true,"href":"https:\/\/www.altares.be\/fr\/wp-json\/wp\/v2\/tags?post=13685"}],"curies":[{"name":"wp","href":"https:\/\/api.w.org\/{rel}","templated":true}]}}