{"id":14113,"date":"2020-10-15T14:54:00","date_gmt":"2020-10-15T14:54:00","guid":{"rendered":"https:\/\/devalt-kambatiag.savviihq.com\/?p=14113"},"modified":"2023-09-12T14:33:26","modified_gmt":"2023-09-12T12:33:26","slug":"les-ubo-et-le-registre-ubo-de-quoi-s-agit-il-exactement","status":"publish","type":"post","link":"https:\/\/www.altares.be\/fr\/blog\/compliance\/de-ubo-en-het-ubo-register-hoe-zat-het-ook-alweer\/","title":{"rendered":"Les UBO et le registre UBO : de quoi s\u2019agit-il, exactement ?"},"content":{"rendered":"<p>Retour \u00e0 la base : qu\u2019est-ce qu\u2019un UBO ? Commen\u00e7ons par le commencement. UBO est l\u2019acronyme de \u00ab Ultimate Beneficial Owner \u00bb. Il s\u2019agit donc d\u2019un b\u00e9n\u00e9ficiaire effectif. En principe, un b\u00e9n\u00e9ficiaire effectif est une personne qui poss\u00e8de ou contr\u00f4le plus de 25 % des droits de vote ou des actions d\u2019une soci\u00e9t\u00e9, ou exerce le contr\u00f4le de cette soci\u00e9t\u00e9 par d\u2019autres moyens.<\/p>\n\n\n\n<figure class=\"wp-block-image size-full\"><img fetchpriority=\"high\" decoding=\"async\" width=\"900\" height=\"506\" src=\"https:\/\/www.altares.be\/wp-content\/uploads\/2020\/10\/De-UBO-en-het-UBO-register.jpg\" alt=\"Un homme devant un ordinateur portable\" class=\"wp-image-36172\" srcset=\"https:\/\/www.altares.be\/wp-content\/uploads\/2020\/10\/De-UBO-en-het-UBO-register.jpg 900w, https:\/\/www.altares.be\/wp-content\/uploads\/2020\/10\/De-UBO-en-het-UBO-register-300x169.jpg 300w, https:\/\/www.altares.be\/wp-content\/uploads\/2020\/10\/De-UBO-en-het-UBO-register-150x84.jpg 150w, https:\/\/www.altares.be\/wp-content\/uploads\/2020\/10\/De-UBO-en-het-UBO-register-768x432.jpg 768w, https:\/\/www.altares.be\/wp-content\/uploads\/2020\/10\/De-UBO-en-het-UBO-register-18x10.jpg 18w, https:\/\/www.altares.be\/wp-content\/uploads\/2020\/10\/De-UBO-en-het-UBO-register-24x13.jpg 24w, https:\/\/www.altares.be\/wp-content\/uploads\/2020\/10\/De-UBO-en-het-UBO-register-36x20.jpg 36w, https:\/\/www.altares.be\/wp-content\/uploads\/2020\/10\/De-UBO-en-het-UBO-register-48x27.jpg 48w\" sizes=\"(max-width: 900px) 100vw, 900px\" \/><\/figure>\n\n\n\n<h2 class=\"wp-block-heading\" id=\"ubo-identificatie\">Identification des UBO<\/h2>\n\n\n\n<p>Tout le monde ne souhaite pas \u00eatre identifi\u00e9 comme b\u00e9n\u00e9ficiaire effectif. Les criminels, par exemple, profitent justement de l\u2019imp\u00e9n\u00e9trabilit\u00e9 des formes de soci\u00e9t\u00e9 pour dissimuler leur identit\u00e9 ou le v\u00e9ritable objectif de l\u2019organisation. Leur but est tout simplement de pratiquer une ancienne forme d\u2019\u00e9vasion fiscale ou d\u2019emp\u00eacher les autorit\u00e9s de d\u00e9celer des activit\u00e9s criminelles, comme le blanchiment d\u2019argent et la corruption. Pire encore, il peut s\u2019agir d\u2019une soci\u00e9t\u00e9 \u00e9cran cr\u00e9\u00e9e dans le but d\u2019opacifier des activit\u00e9s terroristes.<\/p>\n\n\n\n<p>Quelle que soit la raison, vous souhaitez, en tant qu\u2019organisation, respecter la l\u00e9gislation, mais par-dessus tout prot\u00e9ger votre r\u00e9putation et limiter les risques. Votre entreprise est associ\u00e9e \u00e0 la criminalit\u00e9, \u00e0 la corruption ou au blanchiment d\u2019argent ? De quoi mettre \u00e0 mal votre r\u00e9putation au risque de voir les clients garder leurs distances et les partenaires mettre un terme \u00e0 votre collaboration.<\/p>\n\n\n\n<h2 class=\"wp-block-heading\" id=\"structuren-begrijpen-door-data\">Comprendre les structures gr\u00e2ce aux donn\u00e9es<\/h2>\n\n\n\n<p>L\u2019identification d\u2019un UBO et la&nbsp;<a href=\"https:\/\/www.altares.be\/fr\/compliance\/deceler-les-liens-avec-des-activites-criminelles\/\">divulgation d\u2019activit\u00e9s criminelles exerc\u00e9es par vos partenaires<\/a>&nbsp;sont donc n\u00e9cessaires, en plus de faire partie de vos obligations l\u00e9gales, en vue de prot\u00e9ger votre organisation. Toutefois, il est tr\u00e8s compliqu\u00e9 de plonger jusqu\u2019aux tr\u00e9fonds d\u2019une structure UBO. Dans notre livre blanc \u00ab<a href=\"https:\/\/www.altares.be\/fr\/livresblancs\/comprendre-les-structures-ubo-2\/\">\u00a0Comprendre les structures UBO<\/a>\u00a0\u00bb, nous vous aidons \u00e0 mieux comprendre la complexit\u00e9 des structures juridiques des b\u00e9n\u00e9ficiaires effectifs. Par ailleurs, nous vous fournissons un aper\u00e7u de la mani\u00e8re dont les donn\u00e9es et analyses peuvent am\u00e9liorer la rapidit\u00e9 et la pr\u00e9cision de l\u2019identification des UBO, et la fa\u00e7on dont votre organisation peut profiter d\u2019une gestion des connaissances optimis\u00e9e en vue de mettre \u00e0 disposition des ressources pour d\u2019autres finalit\u00e9s.<\/p>\n\n\n\n<h2 class=\"wp-block-heading\" id=\"hoe-staat-het-met-het-ubo-register\">Qu\u2019en est-il du registre UBO ?<\/h2>\n\n\n\n<p>Le registre UBO est r\u00e9gi par la l\u00e9gislation relative au registre du commerce et est g\u00e9r\u00e9 par la chambre de commerce. La finalit\u00e9 du registre UBO est de combattre les cas de criminalit\u00e9 financi\u00e8re et \u00e9conomique, comme le blanchiment d\u2019argent. Depuis le 27 septembre 2020, les organisations doivent enregistrer leurs UBO. Dans le cas contraire, elles risquent des amendes ou des sanctions.<\/p>\n\n\n\n<p>Aux Pays-Bas, les personnes morales suivantes sont tenues d\u2019enregistrer leurs UBO :<\/p>\n\n\n\n<ul class=\"wp-block-list\">\n<li>Les entit\u00e9s non cot\u00e9es en Bourse et les soci\u00e9t\u00e9s anonymes<\/li>\n\n\n\n<li>Les fondations<\/li>\n\n\n\n<li>Les associations \u00e0 pleine capacit\u00e9 juridique<\/li>\n\n\n\n<li>Les associations \u00e0 capacit\u00e9 juridique limit\u00e9e, mais avec entreprise<\/li>\n\n\n\n<li>Les mutuelles<\/li>\n\n\n\n<li>Les coop\u00e9ratives<\/li>\n\n\n\n<li>Les soci\u00e9t\u00e9s de personnes : soci\u00e9t\u00e9s, soci\u00e9t\u00e9s en nom collectif et soci\u00e9t\u00e9s en commandite<\/li>\n\n\n\n<li>Les soci\u00e9t\u00e9s d\u2019armateurs<\/li>\n\n\n\n<li>Les soci\u00e9t\u00e9s anonymes europ\u00e9ennes (SE)<\/li>\n\n\n\n<li>Les soci\u00e9t\u00e9s coop\u00e9ratives europ\u00e9ennes (SCE)<\/li>\n\n\n\n<li>Les groupements europ\u00e9ens d\u2019int\u00e9r\u00eat \u00e9conomique qui, selon leurs statuts, poss\u00e8dent leur si\u00e8ge aux Pays-Bas<\/li>\n\n\n\n<li>Les organisations confessionnelles<\/li>\n<\/ul>\n\n\n\n<p>Le registre UBO est intelligible pour tous. Seule une partie des informations sur les b\u00e9n\u00e9ficiaires effectifs est publique. Il s\u2019agit en l\u2019occurrence :<\/p>\n\n\n\n<ul class=\"wp-block-list\">\n<li>Du pr\u00e9nom et du nom de famille<\/li>\n\n\n\n<li>Du mois et de l\u2019ann\u00e9e de naissance<\/li>\n\n\n\n<li>De la nationalit\u00e9<\/li>\n\n\n\n<li>Du pays ou de l\u2019\u00c9tat dans lequel la personne vit<\/li>\n\n\n\n<li>De la nature et de la port\u00e9e de l\u2019int\u00e9r\u00eat \u00e9conomique du b\u00e9n\u00e9ficiaire effectif<\/li>\n<\/ul>\n\n\n\n<p>Certaines autorit\u00e9s comp\u00e9tentes, comme le minist\u00e8re public, ont acc\u00e8s \u00e0 davantage d\u2019informations. Le registre UBO est op\u00e9rationnel aux Pays-Bas et consultable moyennant paiement.<\/p>\n\n\n\n<h2 class=\"wp-block-heading\" id=\"ubo-over-de-grens-is-andere-koek\">Une autre histoire au-del\u00e0 des fronti\u00e8res<\/h2>\n\n\n\n<p>Nous avons dress\u00e9 l\u2019\u00e9tat de la situation aux Pays-Bas. Mais un UBO&nbsp;<a href=\"https:\/\/www.altares.be\/fr\/blog\/compliance\/un-ubo-ne-s-arrete-pas-a-la-frontiere-nationale\/\">ne s\u2019arr\u00eate pas \u00e0 la fronti\u00e8re nationale<\/a>. Lorsque vous collaborez avec une organisation situ\u00e9e \u00e0 l\u2019\u00e9tranger, vous devez rechercher des informations sur les b\u00e9n\u00e9ficiaires effectifs dans un registre international. Qu\u2019en est-il donc dans les autres pays ?<\/p>\n\n\n\n<p>La mise en \u0153uvre des directives se d\u00e9roule \u00e0 un rythme diff\u00e9rent selon le pays. Par ailleurs, chaque pays a le droit de prendre des d\u00e9cisions en toute autonomie en ce qui concerne l\u2019\u00e9tablissement d\u2019un registre UBO local. Il lui appartient donc de d\u00e9cider de rendre public ou non un registre, et d\u2019en d\u00e9finir le contenu.<\/p>\n\n\n\n<p>Si vous collaborez \u00e0 l\u2019international, vous \u00eates confront\u00e9 aux d\u00e9fis suivants :<\/p>\n\n\n\n<ul class=\"wp-block-list\">\n<li>Les registres UBO ne sont pas encore op\u00e9rationnels dans tous les pays<\/li>\n\n\n\n<li>Ils contiennent aussi des informations diff\u00e9rentes selon les pays<\/li>\n\n\n\n<li>Ces derniers d\u00e9cident qui y a ou non acc\u00e8s<\/li>\n\n\n\n<li>Dans plusieurs pays, les registres UBO ne sont pas encore interconnect\u00e9s<\/li>\n<\/ul>\n\n\n\n<p>Vous l\u2019avez compris : chaque pays a sa propre interpr\u00e9tation du registre UBO. Vous collaborez avec une organisation situ\u00e9e \u00e0 l\u2019\u00e9tranger ? Dans ce cas, il y a de fortes chances que d\u2019autres r\u00e8gles soient en vigueur en ce qui concerne les b\u00e9n\u00e9ficiaires effectifs. La question est de savoir si les informations du registre correspondant sont facilement consultables. Vous cherchez une approche pour identifier les UBO \u00e0 l\u2019international ? D\u00e9couvrez notre livre blanc \u00ab<a href=\"https:\/\/www.altares.be\/fr\/livresblancs\/approche-transfrontaliere-pour-retrouver-les-beneficiaires-effectifs-ubo-internationaux\/\">Approche transfrontali\u00e8re pour retrouver les b\u00e9n\u00e9ficiaires effectifs (UBO) internationaux<\/a>\u00a0\u00bb.<\/p>","protected":false},"excerpt":{"rendered":"<p>Tout le monde ne souhaite pas \u00eatre identifi\u00e9 comme b\u00e9n\u00e9ficiaire effectif. Les criminels, par exemple, profitent justement de l\u2019imp\u00e9n\u00e9trabilit\u00e9 des formes de soci\u00e9t\u00e9 pour dissimuler le v\u00e9ritable objectif de l\u2019organisation. <\/p>","protected":false},"author":5,"featured_media":14131,"comment_status":"closed","ping_status":"closed","sticky":false,"template":"","format":"standard","meta":{"_acf_changed":false,"inline_featured_image":false,"footnotes":""},"categories":[17],"tags":[],"class_list":["post-14113","post","type-post","status-publish","format-standard","has-post-thumbnail","hentry","category-compliance"],"acf":[],"yoast_head":"<!-- This site is optimized with the Yoast SEO plugin v27.3 - https:\/\/yoast.com\/product\/yoast-seo-wordpress\/ -->\n<title>De UBO en het UBO register: Hoe zat het ook alweer? - Altares<\/title>\n<meta name=\"description\" content=\"Een UBO is een \u2018ultimate beneficial owner\u2019, ook wel uiteindelijk belanghebbende genoemd. Het UBO register valt onder de Handelsregisterwet.\" \/>\n<meta name=\"robots\" content=\"index, follow, max-snippet:-1, max-image-preview:large, max-video-preview:-1\" \/>\n<link rel=\"canonical\" href=\"https:\/\/www.altares.be\/fr\/blog\/compliance\/les-ubo-et-le-registre-ubo-de-quoi-s-agit-il-exactement\/\" \/>\n<meta property=\"og:locale\" content=\"fr_FR\" \/>\n<meta property=\"og:type\" content=\"article\" \/>\n<meta property=\"og:title\" content=\"De UBO en het UBO register: Hoe zat het ook alweer?\" \/>\n<meta property=\"og:description\" content=\"Een UBO is een \u2018ultimate beneficial owner\u2019, ook wel uiteindelijk belanghebbende genoemd. Het UBO register valt onder de Handelsregisterwet.\" \/>\n<meta property=\"og:url\" content=\"https:\/\/www.altares.be\/fr\/blog\/compliance\/les-ubo-et-le-registre-ubo-de-quoi-s-agit-il-exactement\/\" \/>\n<meta property=\"og:site_name\" content=\"Altares\" \/>\n<meta property=\"article:published_time\" content=\"2020-10-15T14:54:00+00:00\" \/>\n<meta property=\"article:modified_time\" content=\"2023-09-12T12:33:26+00:00\" \/>\n<meta property=\"og:image\" content=\"https:\/\/www.altares.be\/wp-content\/uploads\/2020\/10\/UBO.jpg\" \/>\n\t<meta property=\"og:image:width\" content=\"1200\" \/>\n\t<meta property=\"og:image:height\" content=\"627\" \/>\n\t<meta property=\"og:image:type\" content=\"image\/jpeg\" \/>\n<meta name=\"author\" content=\"Anne de Geus\" \/>\n<meta name=\"twitter:card\" content=\"summary_large_image\" \/>\n<meta name=\"twitter:title\" content=\"De UBO en het UBO register: Hoe zat het ook alweer?\" \/>\n<meta name=\"twitter:image\" content=\"https:\/\/www.altares.be\/wp-content\/uploads\/2020\/10\/UBO.jpg\" \/>\n<meta name=\"twitter:label1\" content=\"\u00c9crit par\" \/>\n\t<meta name=\"twitter:data1\" content=\"Anne de Geus\" \/>\n\t<meta name=\"twitter:label2\" content=\"Dur\u00e9e de lecture est.\" \/>\n\t<meta name=\"twitter:data2\" content=\"4 minutes\" \/>\n<script type=\"application\/ld+json\" class=\"yoast-schema-graph\">{\"@context\":\"https:\\\/\\\/schema.org\",\"@graph\":[{\"@type\":\"Article\",\"@id\":\"https:\\\/\\\/www.altares.be\\\/blog\\\/compliance\\\/de-ubo-en-het-ubo-register-hoe-zat-het-ook-alweer\\\/#article\",\"isPartOf\":{\"@id\":\"https:\\\/\\\/www.altares.be\\\/blog\\\/compliance\\\/de-ubo-en-het-ubo-register-hoe-zat-het-ook-alweer\\\/\"},\"author\":{\"name\":\"Anne de Geus\",\"@id\":\"https:\\\/\\\/www.altares.be\\\/#\\\/schema\\\/person\\\/51de691f2083dfb43a1308c2f4b31b25\"},\"headline\":\"De UBO en het UBO register: Hoe zat het ook alweer?\",\"datePublished\":\"2020-10-15T14:54:00+00:00\",\"dateModified\":\"2023-09-12T12:33:26+00:00\",\"mainEntityOfPage\":{\"@id\":\"https:\\\/\\\/www.altares.be\\\/blog\\\/compliance\\\/de-ubo-en-het-ubo-register-hoe-zat-het-ook-alweer\\\/\"},\"wordCount\":739,\"publisher\":{\"@id\":\"https:\\\/\\\/www.altares.be\\\/#organization\"},\"image\":{\"@id\":\"https:\\\/\\\/www.altares.be\\\/blog\\\/compliance\\\/de-ubo-en-het-ubo-register-hoe-zat-het-ook-alweer\\\/#primaryimage\"},\"thumbnailUrl\":\"https:\\\/\\\/www.altares.be\\\/wp-content\\\/uploads\\\/2021\\\/03\\\/bruno-van-der-kraan-GCwrj5073FA-unsplash-edited-1-scaled.jpg\",\"articleSection\":[\"Compliance\"],\"inLanguage\":\"fr-BE\"},{\"@type\":\"WebPage\",\"@id\":\"https:\\\/\\\/www.altares.be\\\/blog\\\/compliance\\\/de-ubo-en-het-ubo-register-hoe-zat-het-ook-alweer\\\/\",\"url\":\"https:\\\/\\\/www.altares.be\\\/blog\\\/compliance\\\/de-ubo-en-het-ubo-register-hoe-zat-het-ook-alweer\\\/\",\"name\":\"De UBO en het UBO register: Hoe zat het ook alweer? - Altares\",\"isPartOf\":{\"@id\":\"https:\\\/\\\/www.altares.be\\\/#website\"},\"primaryImageOfPage\":{\"@id\":\"https:\\\/\\\/www.altares.be\\\/blog\\\/compliance\\\/de-ubo-en-het-ubo-register-hoe-zat-het-ook-alweer\\\/#primaryimage\"},\"image\":{\"@id\":\"https:\\\/\\\/www.altares.be\\\/blog\\\/compliance\\\/de-ubo-en-het-ubo-register-hoe-zat-het-ook-alweer\\\/#primaryimage\"},\"thumbnailUrl\":\"https:\\\/\\\/www.altares.be\\\/wp-content\\\/uploads\\\/2021\\\/03\\\/bruno-van-der-kraan-GCwrj5073FA-unsplash-edited-1-scaled.jpg\",\"datePublished\":\"2020-10-15T14:54:00+00:00\",\"dateModified\":\"2023-09-12T12:33:26+00:00\",\"description\":\"Een UBO is een \u2018ultimate beneficial owner\u2019, ook wel uiteindelijk belanghebbende genoemd. Het UBO register valt onder de Handelsregisterwet.\",\"breadcrumb\":{\"@id\":\"https:\\\/\\\/www.altares.be\\\/blog\\\/compliance\\\/de-ubo-en-het-ubo-register-hoe-zat-het-ook-alweer\\\/#breadcrumb\"},\"inLanguage\":\"fr-BE\",\"potentialAction\":[{\"@type\":\"ReadAction\",\"target\":[\"https:\\\/\\\/www.altares.be\\\/blog\\\/compliance\\\/de-ubo-en-het-ubo-register-hoe-zat-het-ook-alweer\\\/\"]}]},{\"@type\":\"ImageObject\",\"inLanguage\":\"fr-BE\",\"@id\":\"https:\\\/\\\/www.altares.be\\\/blog\\\/compliance\\\/de-ubo-en-het-ubo-register-hoe-zat-het-ook-alweer\\\/#primaryimage\",\"url\":\"https:\\\/\\\/www.altares.be\\\/wp-content\\\/uploads\\\/2021\\\/03\\\/bruno-van-der-kraan-GCwrj5073FA-unsplash-edited-1-scaled.jpg\",\"contentUrl\":\"https:\\\/\\\/www.altares.be\\\/wp-content\\\/uploads\\\/2021\\\/03\\\/bruno-van-der-kraan-GCwrj5073FA-unsplash-edited-1-scaled.jpg\",\"width\":2560,\"height\":1440,\"caption\":\"De UBO en het UBO register: Hoe zat het ook alweer?\"},{\"@type\":\"BreadcrumbList\",\"@id\":\"https:\\\/\\\/www.altares.be\\\/blog\\\/compliance\\\/de-ubo-en-het-ubo-register-hoe-zat-het-ook-alweer\\\/#breadcrumb\",\"itemListElement\":[{\"@type\":\"ListItem\",\"position\":1,\"name\":\"Home\",\"item\":\"https:\\\/\\\/www.altares.be\\\/\"},{\"@type\":\"ListItem\",\"position\":2,\"name\":\"De UBO en het UBO register: Hoe zat het ook alweer?\"}]},{\"@type\":\"WebSite\",\"@id\":\"https:\\\/\\\/www.altares.be\\\/#website\",\"url\":\"https:\\\/\\\/www.altares.be\\\/\",\"name\":\"Altares\",\"description\":\"part of the Dun &amp; Bradstreet worldwide network\",\"publisher\":{\"@id\":\"https:\\\/\\\/www.altares.be\\\/#organization\"},\"potentialAction\":[{\"@type\":\"SearchAction\",\"target\":{\"@type\":\"EntryPoint\",\"urlTemplate\":\"https:\\\/\\\/www.altares.be\\\/?s={search_term_string}\"},\"query-input\":{\"@type\":\"PropertyValueSpecification\",\"valueRequired\":true,\"valueName\":\"search_term_string\"}}],\"inLanguage\":\"fr-BE\"},{\"@type\":\"Organization\",\"@id\":\"https:\\\/\\\/www.altares.be\\\/#organization\",\"name\":\"Altares\",\"url\":\"https:\\\/\\\/www.altares.be\\\/\",\"logo\":{\"@type\":\"ImageObject\",\"inLanguage\":\"fr-BE\",\"@id\":\"https:\\\/\\\/www.altares.be\\\/#\\\/schema\\\/logo\\\/image\\\/\",\"url\":\"https:\\\/\\\/www.altares.be\\\/wp-content\\\/uploads\\\/2021\\\/03\\\/Altares_RGB_liggend.svg\",\"contentUrl\":\"https:\\\/\\\/www.altares.be\\\/wp-content\\\/uploads\\\/2021\\\/03\\\/Altares_RGB_liggend.svg\",\"width\":145.57333,\"height\":20.52,\"caption\":\"Altares\"},\"image\":{\"@id\":\"https:\\\/\\\/www.altares.be\\\/#\\\/schema\\\/logo\\\/image\\\/\"}},{\"@type\":\"Person\",\"@id\":\"https:\\\/\\\/www.altares.be\\\/#\\\/schema\\\/person\\\/51de691f2083dfb43a1308c2f4b31b25\",\"name\":\"Anne de Geus\",\"image\":{\"@type\":\"ImageObject\",\"inLanguage\":\"fr-BE\",\"@id\":\"https:\\\/\\\/secure.gravatar.com\\\/avatar\\\/f637b195224280571c9d07af4b1944ab0828c5f570216b88cc1631795077e5eb?s=96&d=mm&r=g\",\"url\":\"https:\\\/\\\/secure.gravatar.com\\\/avatar\\\/f637b195224280571c9d07af4b1944ab0828c5f570216b88cc1631795077e5eb?s=96&d=mm&r=g\",\"contentUrl\":\"https:\\\/\\\/secure.gravatar.com\\\/avatar\\\/f637b195224280571c9d07af4b1944ab0828c5f570216b88cc1631795077e5eb?s=96&d=mm&r=g\",\"caption\":\"Anne de Geus\"}}]}<\/script>\n<!-- \/ Yoast SEO plugin. -->","yoast_head_json":{"title":"Les UBO et le registre UBO : de quoi s\u2019agit-il, exactement ? \u2013 Altares","description":"Un UBO (Ultimate Beneficial Owner) est un b\u00e9n\u00e9ficiaire effectif. Le registre UBO est r\u00e9gi par la l\u00e9gislation relative au registre du commerce.","robots":{"index":"index","follow":"follow","max-snippet":"max-snippet:-1","max-image-preview":"max-image-preview:large","max-video-preview":"max-video-preview:-1"},"canonical":"https:\/\/www.altares.be\/fr\/blog\/compliance\/les-ubo-et-le-registre-ubo-de-quoi-s-agit-il-exactement\/","og_locale":"fr_FR","og_type":"article","og_title":"De UBO en het UBO register: Hoe zat het ook alweer?","og_description":"Een UBO is een \u2018ultimate beneficial owner\u2019, ook wel uiteindelijk belanghebbende genoemd. Het UBO register valt onder de Handelsregisterwet.","og_url":"https:\/\/www.altares.be\/fr\/blog\/compliance\/les-ubo-et-le-registre-ubo-de-quoi-s-agit-il-exactement\/","og_site_name":"Altares","article_published_time":"2020-10-15T14:54:00+00:00","article_modified_time":"2023-09-12T12:33:26+00:00","og_image":[{"width":1200,"height":627,"url":"https:\/\/www.altares.be\/wp-content\/uploads\/2020\/10\/UBO.jpg","type":"image\/jpeg"}],"author":"Anne de Geus","twitter_card":"summary_large_image","twitter_title":"De UBO en het UBO register: Hoe zat het ook alweer?","twitter_image":"https:\/\/www.altares.be\/wp-content\/uploads\/2020\/10\/UBO.jpg","twitter_misc":{"\u00c9crit par":"Anne de Geus","Dur\u00e9e de lecture est.":"4 minutes"},"schema":{"@context":"https:\/\/schema.org","@graph":[{"@type":"Article","@id":"https:\/\/www.altares.be\/blog\/compliance\/de-ubo-en-het-ubo-register-hoe-zat-het-ook-alweer\/#article","isPartOf":{"@id":"https:\/\/www.altares.be\/blog\/compliance\/de-ubo-en-het-ubo-register-hoe-zat-het-ook-alweer\/"},"author":{"name":"Anne de Geus","@id":"https:\/\/www.altares.be\/#\/schema\/person\/51de691f2083dfb43a1308c2f4b31b25"},"headline":"De UBO en het UBO register: Hoe zat het ook alweer?","datePublished":"2020-10-15T14:54:00+00:00","dateModified":"2023-09-12T12:33:26+00:00","mainEntityOfPage":{"@id":"https:\/\/www.altares.be\/blog\/compliance\/de-ubo-en-het-ubo-register-hoe-zat-het-ook-alweer\/"},"wordCount":739,"publisher":{"@id":"https:\/\/www.altares.be\/#organization"},"image":{"@id":"https:\/\/www.altares.be\/blog\/compliance\/de-ubo-en-het-ubo-register-hoe-zat-het-ook-alweer\/#primaryimage"},"thumbnailUrl":"https:\/\/www.altares.be\/wp-content\/uploads\/2021\/03\/bruno-van-der-kraan-GCwrj5073FA-unsplash-edited-1-scaled.jpg","articleSection":["Compliance"],"inLanguage":"fr-BE"},{"@type":"WebPage","@id":"https:\/\/www.altares.be\/blog\/compliance\/de-ubo-en-het-ubo-register-hoe-zat-het-ook-alweer\/","url":"https:\/\/www.altares.be\/blog\/compliance\/de-ubo-en-het-ubo-register-hoe-zat-het-ook-alweer\/","name":"Les UBO et le registre UBO : de quoi s\u2019agit-il, exactement ? \u2013 Altares","isPartOf":{"@id":"https:\/\/www.altares.be\/#website"},"primaryImageOfPage":{"@id":"https:\/\/www.altares.be\/blog\/compliance\/de-ubo-en-het-ubo-register-hoe-zat-het-ook-alweer\/#primaryimage"},"image":{"@id":"https:\/\/www.altares.be\/blog\/compliance\/de-ubo-en-het-ubo-register-hoe-zat-het-ook-alweer\/#primaryimage"},"thumbnailUrl":"https:\/\/www.altares.be\/wp-content\/uploads\/2021\/03\/bruno-van-der-kraan-GCwrj5073FA-unsplash-edited-1-scaled.jpg","datePublished":"2020-10-15T14:54:00+00:00","dateModified":"2023-09-12T12:33:26+00:00","description":"Un UBO (Ultimate Beneficial Owner) est un b\u00e9n\u00e9ficiaire effectif. Le registre UBO est r\u00e9gi par la l\u00e9gislation relative au registre du commerce.","breadcrumb":{"@id":"https:\/\/www.altares.be\/blog\/compliance\/de-ubo-en-het-ubo-register-hoe-zat-het-ook-alweer\/#breadcrumb"},"inLanguage":"fr-BE","potentialAction":[{"@type":"ReadAction","target":["https:\/\/www.altares.be\/blog\/compliance\/de-ubo-en-het-ubo-register-hoe-zat-het-ook-alweer\/"]}]},{"@type":"ImageObject","inLanguage":"fr-BE","@id":"https:\/\/www.altares.be\/blog\/compliance\/de-ubo-en-het-ubo-register-hoe-zat-het-ook-alweer\/#primaryimage","url":"https:\/\/www.altares.be\/wp-content\/uploads\/2021\/03\/bruno-van-der-kraan-GCwrj5073FA-unsplash-edited-1-scaled.jpg","contentUrl":"https:\/\/www.altares.be\/wp-content\/uploads\/2021\/03\/bruno-van-der-kraan-GCwrj5073FA-unsplash-edited-1-scaled.jpg","width":2560,"height":1440,"caption":"De UBO en het UBO register: Hoe zat het ook alweer?"},{"@type":"BreadcrumbList","@id":"https:\/\/www.altares.be\/blog\/compliance\/de-ubo-en-het-ubo-register-hoe-zat-het-ook-alweer\/#breadcrumb","itemListElement":[{"@type":"ListItem","position":1,"name":"Home","item":"https:\/\/www.altares.be\/"},{"@type":"ListItem","position":2,"name":"De UBO en het UBO register: Hoe zat het ook alweer?"}]},{"@type":"WebSite","@id":"https:\/\/www.altares.be\/#website","url":"https:\/\/www.altares.be\/","name":"Altares","description":"partenaire du r\u00e9seau mondial de Dun\u00a0&amp;\u00a0Bradstreet","publisher":{"@id":"https:\/\/www.altares.be\/#organization"},"potentialAction":[{"@type":"SearchAction","target":{"@type":"EntryPoint","urlTemplate":"https:\/\/www.altares.be\/?s={search_term_string}"},"query-input":{"@type":"PropertyValueSpecification","valueRequired":true,"valueName":"search_term_string"}}],"inLanguage":"fr-BE"},{"@type":"Organization","@id":"https:\/\/www.altares.be\/#organization","name":"Altares","url":"https:\/\/www.altares.be\/","logo":{"@type":"ImageObject","inLanguage":"fr-BE","@id":"https:\/\/www.altares.be\/#\/schema\/logo\/image\/","url":"https:\/\/www.altares.be\/wp-content\/uploads\/2021\/03\/Altares_RGB_liggend.svg","contentUrl":"https:\/\/www.altares.be\/wp-content\/uploads\/2021\/03\/Altares_RGB_liggend.svg","width":145.57333,"height":20.52,"caption":"Altares"},"image":{"@id":"https:\/\/www.altares.be\/#\/schema\/logo\/image\/"}},{"@type":"Person","@id":"https:\/\/www.altares.be\/#\/schema\/person\/51de691f2083dfb43a1308c2f4b31b25","name":"Anne de Geus","image":{"@type":"ImageObject","inLanguage":"fr-BE","@id":"https:\/\/secure.gravatar.com\/avatar\/f637b195224280571c9d07af4b1944ab0828c5f570216b88cc1631795077e5eb?s=96&d=mm&r=g","url":"https:\/\/secure.gravatar.com\/avatar\/f637b195224280571c9d07af4b1944ab0828c5f570216b88cc1631795077e5eb?s=96&d=mm&r=g","contentUrl":"https:\/\/secure.gravatar.com\/avatar\/f637b195224280571c9d07af4b1944ab0828c5f570216b88cc1631795077e5eb?s=96&d=mm&r=g","caption":"Anne de Geus"}}]}},"_links":{"self":[{"href":"https:\/\/www.altares.be\/fr\/wp-json\/wp\/v2\/posts\/14113","targetHints":{"allow":["GET"]}}],"collection":[{"href":"https:\/\/www.altares.be\/fr\/wp-json\/wp\/v2\/posts"}],"about":[{"href":"https:\/\/www.altares.be\/fr\/wp-json\/wp\/v2\/types\/post"}],"author":[{"embeddable":true,"href":"https:\/\/www.altares.be\/fr\/wp-json\/wp\/v2\/users\/5"}],"replies":[{"embeddable":true,"href":"https:\/\/www.altares.be\/fr\/wp-json\/wp\/v2\/comments?post=14113"}],"version-history":[{"count":0,"href":"https:\/\/www.altares.be\/fr\/wp-json\/wp\/v2\/posts\/14113\/revisions"}],"wp:featuredmedia":[{"embeddable":true,"href":"https:\/\/www.altares.be\/fr\/wp-json\/wp\/v2\/media\/14131"}],"wp:attachment":[{"href":"https:\/\/www.altares.be\/fr\/wp-json\/wp\/v2\/media?parent=14113"}],"wp:term":[{"taxonomy":"category","embeddable":true,"href":"https:\/\/www.altares.be\/fr\/wp-json\/wp\/v2\/categories?post=14113"},{"taxonomy":"post_tag","embeddable":true,"href":"https:\/\/www.altares.be\/fr\/wp-json\/wp\/v2\/tags?post=14113"}],"curies":[{"name":"wp","href":"https:\/\/api.w.org\/{rel}","templated":true}]}}