{"id":38310,"date":"2022-05-24T12:05:07","date_gmt":"2022-05-24T12:05:07","guid":{"rendered":"https:\/\/www.altares.be\/?p=38310"},"modified":"2023-09-01T15:07:33","modified_gmt":"2023-09-01T13:07:33","slug":"esg-la-nouvelle-responsabilite-societale-des-entreprises","status":"publish","type":"post","link":"https:\/\/www.altares.be\/fr\/blog\/supply-procurement\/esg-is-het-nieuwe-maatschappelijk-verantwoord-ondernemen\/","title":{"rendered":"ESG, la nouvelle responsabilit\u00e9 soci\u00e9tale des entreprises"},"content":{"rendered":"<p>Auparavant, tous les regards \u00e9taient port\u00e9s sur la responsabilit\u00e9 soci\u00e9tale des entreprises. Aujourd\u2019hui, ce concept semble avoir \u00e9t\u00e9 remplac\u00e9 par celui des crit\u00e8res d\u2019analyse de la politique environnementale, sociale et de la gouvernance de l\u2019entreprise (dits crit\u00e8res ESG). Mais quelles diff\u00e9rences peut-on observer entre ces deux perspectives ?   Et qu\u2019impliquent les crit\u00e8res ESG ? Dans cet article, nous remontons \u00e0 la gen\u00e8se de la philosophie ESG et d\u00e9montrons pourquoi celle-ci est amen\u00e9e \u00e0 remplacer la RSE.<\/p>\n\n\n\n<p><\/p>\n\n\n\n<figure class=\"wp-block-image size-full\"><img fetchpriority=\"high\" decoding=\"async\" width=\"900\" height=\"601\" src=\"https:\/\/www.altares.be\/wp-content\/uploads\/2022\/03\/Russian-Ukranian-Crisis.jpg\" alt=\"Quatre mains maintiennent un globe terrestre\" class=\"wp-image-38311\" srcset=\"https:\/\/www.altares.be\/wp-content\/uploads\/2022\/03\/Russian-Ukranian-Crisis.jpg 500w, https:\/\/www.altares.be\/wp-content\/uploads\/2022\/03\/Russian-Ukranian-Crisis-300x200.jpg 300w, https:\/\/www.altares.be\/wp-content\/uploads\/2022\/03\/Russian-Ukranian-Crisis-150x100.jpg 150w, https:\/\/www.altares.be\/wp-content\/uploads\/2022\/03\/Russian-Ukranian-Crisis-18x12.jpg 18w, https:\/\/www.altares.be\/wp-content\/uploads\/2022\/03\/Russian-Ukranian-Crisis-24x16.jpg 24w, https:\/\/www.altares.be\/wp-content\/uploads\/2022\/03\/Russian-Ukranian-Crisis-36x24.jpg 36w, https:\/\/www.altares.be\/wp-content\/uploads\/2022\/03\/Russian-Ukranian-Crisis-48x32.jpg 48w\" sizes=\"(max-width: 900px) 100vw, 900px\" \/><\/figure>\n\n\n\n<h2 class=\"wp-block-heading\">Responsabilit\u00e9 soci\u00e9tale des entreprises<\/h2>\n\n\n\n<p>\u00c9galement connue sous la d\u00e9nomination d\u2019entrepreneuriat durable, la RSE se base sur les trois P : plan\u00e8te, personnes et profit. En tant qu\u2019entreprise, il s\u2019agit d\u2019endosser une responsabilit\u00e9 soci\u00e9tale au sens large du terme. Le r\u00f4le d\u2019une entreprise serait alors de veiller, dans ses activit\u00e9s, \u00e0 prot\u00e9ger la plan\u00e8te ; \u00e0 adopter une strat\u00e9gie sociale et \u00e9thique et \u00e0 g\u00e9n\u00e9rer suffisamment de b\u00e9n\u00e9fices pour pouvoir poursuivre ce principe et satisfaire les actionnaires. La RSE est au centre des pr\u00e9occupations depuis de nombreuses ann\u00e9es. Les pouvoirs publics stimulent la responsabilit\u00e9 soci\u00e9tale des entreprises en remettant un prix annuel \u00e0 l\u2019entreprise la plus durable. Mais pourquoi les crit\u00e8res ESG s\u2019imposent-ils comme la nouvelle tendance ?<\/p>\n\n\n\n<p><\/p>\n\n\n\n<h2 class=\"wp-block-heading\">Des rep\u00e8res internationaux<\/h2>\n\n\n\n<p>L\u2019id\u00e9e de la responsabilit\u00e9 soci\u00e9tale des entreprises est connue dans le monde entier sous d\u2019innombrables d\u00e9nominations. Voil\u00e0 pourquoi les crit\u00e8res ESG ont vu le jour. Ces trois lettres renvoient aux crit\u00e8res d\u2019analyse de la politique environnementale, sociale et de la gouvernance de l\u2019entreprise. Dans les grandes lignes, les crit\u00e8res ESG constituent le pendant international de la RSE. Toutefois, la philosophie ESG est structur\u00e9e diff\u00e9remment. Elle se base en effet sur les 17 objectifs de d\u00e9veloppement durable que l\u2019ONU a fix\u00e9s pour l\u2019horizon 2030. Ces objectifs varient de la \u00ab consommation et production durables \u00bb \u00e0 la notion de \u00ab z\u00e9ro pauvret\u00e9 \u00bb, mais en passant par de nouveaux concepts qui, jusqu\u2019ici, n\u2019\u00e9taient pas vraiment li\u00e9s \u00e0 la durabilit\u00e9, comme \u00ab la promotion de l\u2019innovation \u00bb, \u00ab l\u2019\u00e9galit\u00e9 des genres \u00bb ou encore \u00ab l\u2019in\u00e9galit\u00e9 entre les pays \u00bb. Pendant la pand\u00e9mie de COVID-19, ce dernier \u00e9l\u00e9ment a plus que jamais expos\u00e9 les diff\u00e9rences qui r\u00e8gnent dans ce monde. En effet, le degr\u00e9 d\u2019acc\u00e8s \u00e0 un syst\u00e8me de sant\u00e9 efficace \u00e9tait d\u00e9terminant dans l\u2019aide qu\u2019un individu pouvait esp\u00e9rer recevoir en cas de contamination. Que l\u2019on adopte une strat\u00e9gie RSE ou ESG, l\u2019important est de stimuler la mise en place d\u2019une entreprise respectueuse du climat et agissant de mani\u00e8re sociale et \u00e9thique.<\/p>\n\n\n\n<figure class=\"wp-block-image size-full\"><img decoding=\"async\" width=\"850\" height=\"434\" src=\"https:\/\/www.altares.be\/wp-content\/uploads\/2022\/05\/The-Sustainable-Development-Goals-7-2.jpg\" alt=\"Illustration avec 7\u00a0objectifs durables\" class=\"wp-image-38312\" srcset=\"https:\/\/www.altares.be\/wp-content\/uploads\/2022\/05\/The-Sustainable-Development-Goals-7-2.jpg 850w, https:\/\/www.altares.be\/wp-content\/uploads\/2022\/05\/The-Sustainable-Development-Goals-7-2-300x153.jpg 300w, https:\/\/www.altares.be\/wp-content\/uploads\/2022\/05\/The-Sustainable-Development-Goals-7-2-150x77.jpg 150w, https:\/\/www.altares.be\/wp-content\/uploads\/2022\/05\/The-Sustainable-Development-Goals-7-2-768x392.jpg 768w, https:\/\/www.altares.be\/wp-content\/uploads\/2022\/05\/The-Sustainable-Development-Goals-7-2-18x9.jpg 18w, https:\/\/www.altares.be\/wp-content\/uploads\/2022\/05\/The-Sustainable-Development-Goals-7-2-24x12.jpg 24w, https:\/\/www.altares.be\/wp-content\/uploads\/2022\/05\/The-Sustainable-Development-Goals-7-2-36x18.jpg 36w, https:\/\/www.altares.be\/wp-content\/uploads\/2022\/05\/The-Sustainable-Development-Goals-7-2-48x25.jpg 48w\" sizes=\"(max-width: 850px) 100vw, 850px\" \/><figcaption class=\"wp-element-caption\"><em>Les 17 objectifs de d\u00e9veloppement durable sur lesquels se fondent les principes ESG<\/em><\/figcaption><\/figure>\n\n\n\n<p><strong>Info :<\/strong> <a href=\"https:\/\/www.altares.be\/fr\/achats\/\">Tout savoir sur les achats et la cha\u00eene d\u2019approvisionnement<\/a><\/p>\n\n\n\n<h2 class=\"wp-block-heading\">Il est temps d\u2019agir !<\/h2>\n\n\n\n<p>Lentement, mais s\u00fbrement, nous observons une nouvelle tendance dans le comportement des investisseurs. Une jeune g\u00e9n\u00e9ration prend la rel\u00e8ve et s\u2019int\u00e9resse davantage aux entreprises qui cherchent activement \u00e0 appliquer les facteurs ESG. Ces jeunes investisseurs entendent bien mettre les entreprises face \u00e0 leurs responsabilit\u00e9s. Si la RSE saluait les initiatives de plus petite ampleur prises \u00e0 intervalles r\u00e9guliers, la philosophie ESG est, quant \u00e0 elle, parvenue \u00e0 s\u2019imposer jusque dans les textes de loi, avec de nouvelles obligations pour les entreprises (dans un premier temps uniquement celles qui sont cot\u00e9es en bourse). Les crit\u00e8res ESG doivent d\u00e9sormais faire partie int\u00e9grante de la vie et des objectifs des entreprises. L\u2019attribution d\u2019une note ESG ne se fera plus attendre si longtemps. C\u2019est ainsi qu\u2019EcoVadis a d\u00e9j\u00e0 mis en place une note que certaines entreprises demandent syst\u00e9matiquement \u00e0 leurs candidats fournisseurs avant de conclure un partenariat. Dans la comp\u00e9tition qui oppose diff\u00e9rentes entreprises, les crit\u00e8res ESG ne font plus figure de petit bonus, mais constituent bel et bien un param\u00e8tre d\u00e9cisif. Comme KPMG le disait pr\u00e9c\u00e9demment : <em>ESG is everything you do<\/em>. Posez-vous cette question : Quelle est votre incidence sur la plan\u00e8te et comment contribuez-vous au bien-\u00eatre de la soci\u00e9t\u00e9 ? Veillez \u00e0 conscientiser toute votre entreprise \u00e0 ces questions.<\/p>","protected":false},"excerpt":{"rendered":"<p>Alors qu'auparavant on entendait tout le monde parler de la responsabilit\u00e9 sociale des entreprises, aujourd'hui tout le monde semble se pr\u00e9occuper de l'ESG. Mais quelles sont les diff\u00e9rences exactes entre l'ESG et la RSE ?\u00a0 Et qu'est-ce que l'ESG implique ? Ce blog explique comment l'ESG a vu le jour et pourquoi l'ESG est la nouvelle RSE.<\/p>","protected":false},"author":2,"featured_media":38311,"comment_status":"closed","ping_status":"closed","sticky":false,"template":"","format":"standard","meta":{"_acf_changed":false,"inline_featured_image":false,"footnotes":""},"categories":[47,33],"tags":[],"class_list":["post-38310","post","type-post","status-publish","format-standard","has-post-thumbnail","hentry","category-esg","category-supply-procurement"],"acf":[],"yoast_head":"<!-- This site is optimized with the Yoast SEO plugin v27.3 - https:\/\/yoast.com\/product\/yoast-seo-wordpress\/ -->\n<title>ESG is het nieuwe maatschappelijk verantwoord ondernemen - Altares<\/title>\n<meta name=\"description\" content=\"Waar iedereen het eerst had over MVO, wordt nu ESG de nieuwe maatstaaf voor duurzaamheid. Maar wat is precies het verschil tussen ESG en MVO\" \/>\n<meta name=\"robots\" content=\"index, follow, max-snippet:-1, max-image-preview:large, max-video-preview:-1\" \/>\n<link rel=\"canonical\" href=\"https:\/\/www.altares.be\/fr\/blog\/supply-procurement\/esg-la-nouvelle-responsabilite-societale-des-entreprises\/\" \/>\n<meta property=\"og:locale\" content=\"fr_FR\" \/>\n<meta property=\"og:type\" content=\"article\" \/>\n<meta property=\"og:title\" content=\"ESG is het nieuwe maatschappelijk verantwoord ondernemen - Altares\" \/>\n<meta property=\"og:description\" content=\"Waar iedereen het eerst had over MVO, wordt nu ESG de nieuwe maatstaaf voor duurzaamheid. Maar wat is precies het verschil tussen ESG en MVO\" \/>\n<meta property=\"og:url\" content=\"https:\/\/www.altares.be\/fr\/blog\/supply-procurement\/esg-la-nouvelle-responsabilite-societale-des-entreprises\/\" \/>\n<meta property=\"og:site_name\" content=\"Altares\" \/>\n<meta property=\"article:published_time\" content=\"2022-05-24T12:05:07+00:00\" \/>\n<meta property=\"article:modified_time\" content=\"2023-09-01T13:07:33+00:00\" \/>\n<meta property=\"og:image\" content=\"https:\/\/www.altares.be\/wp-content\/uploads\/2022\/05\/BE_ESG_-ESGisCSR.png\" \/>\n\t<meta property=\"og:image:width\" content=\"1080\" \/>\n\t<meta property=\"og:image:height\" content=\"1080\" \/>\n\t<meta property=\"og:image:type\" content=\"image\/png\" \/>\n<meta name=\"author\" content=\"J@han\" \/>\n<meta name=\"twitter:card\" content=\"summary_large_image\" \/>\n<meta name=\"twitter:label1\" content=\"\u00c9crit par\" \/>\n\t<meta name=\"twitter:data1\" content=\"J@han\" \/>\n\t<meta name=\"twitter:label2\" content=\"Dur\u00e9e de lecture est.\" \/>\n\t<meta name=\"twitter:data2\" content=\"3 minutes\" \/>\n<script type=\"application\/ld+json\" class=\"yoast-schema-graph\">{\"@context\":\"https:\\\/\\\/schema.org\",\"@graph\":[{\"@type\":\"Article\",\"@id\":\"https:\\\/\\\/www.altares.be\\\/blog\\\/supply-procurement\\\/esg-is-het-nieuwe-maatschappelijk-verantwoord-ondernemen\\\/#article\",\"isPartOf\":{\"@id\":\"https:\\\/\\\/www.altares.be\\\/blog\\\/supply-procurement\\\/esg-is-het-nieuwe-maatschappelijk-verantwoord-ondernemen\\\/\"},\"author\":{\"name\":\"J@han\",\"@id\":\"https:\\\/\\\/www.altares.be\\\/#\\\/schema\\\/person\\\/7877c47934a033959662af941380354f\"},\"headline\":\"ESG is het nieuwe maatschappelijk verantwoord ondernemen\",\"datePublished\":\"2022-05-24T12:05:07+00:00\",\"dateModified\":\"2023-09-01T13:07:33+00:00\",\"mainEntityOfPage\":{\"@id\":\"https:\\\/\\\/www.altares.be\\\/blog\\\/supply-procurement\\\/esg-is-het-nieuwe-maatschappelijk-verantwoord-ondernemen\\\/\"},\"wordCount\":524,\"publisher\":{\"@id\":\"https:\\\/\\\/www.altares.be\\\/#organization\"},\"image\":{\"@id\":\"https:\\\/\\\/www.altares.be\\\/blog\\\/supply-procurement\\\/esg-is-het-nieuwe-maatschappelijk-verantwoord-ondernemen\\\/#primaryimage\"},\"thumbnailUrl\":\"https:\\\/\\\/www.altares.be\\\/wp-content\\\/uploads\\\/2022\\\/05\\\/ESG_MVO-2.jpg\",\"articleSection\":[\"ESG\",\"Supply &amp; Procurement\"],\"inLanguage\":\"fr-BE\"},{\"@type\":\"WebPage\",\"@id\":\"https:\\\/\\\/www.altares.be\\\/blog\\\/supply-procurement\\\/esg-is-het-nieuwe-maatschappelijk-verantwoord-ondernemen\\\/\",\"url\":\"https:\\\/\\\/www.altares.be\\\/blog\\\/supply-procurement\\\/esg-is-het-nieuwe-maatschappelijk-verantwoord-ondernemen\\\/\",\"name\":\"ESG is het nieuwe maatschappelijk verantwoord ondernemen - Altares\",\"isPartOf\":{\"@id\":\"https:\\\/\\\/www.altares.be\\\/#website\"},\"primaryImageOfPage\":{\"@id\":\"https:\\\/\\\/www.altares.be\\\/blog\\\/supply-procurement\\\/esg-is-het-nieuwe-maatschappelijk-verantwoord-ondernemen\\\/#primaryimage\"},\"image\":{\"@id\":\"https:\\\/\\\/www.altares.be\\\/blog\\\/supply-procurement\\\/esg-is-het-nieuwe-maatschappelijk-verantwoord-ondernemen\\\/#primaryimage\"},\"thumbnailUrl\":\"https:\\\/\\\/www.altares.be\\\/wp-content\\\/uploads\\\/2022\\\/05\\\/ESG_MVO-2.jpg\",\"datePublished\":\"2022-05-24T12:05:07+00:00\",\"dateModified\":\"2023-09-01T13:07:33+00:00\",\"description\":\"Waar iedereen het eerst had over MVO, wordt nu ESG de nieuwe maatstaaf voor duurzaamheid. Maar wat is precies het verschil tussen ESG en MVO\",\"breadcrumb\":{\"@id\":\"https:\\\/\\\/www.altares.be\\\/blog\\\/supply-procurement\\\/esg-is-het-nieuwe-maatschappelijk-verantwoord-ondernemen\\\/#breadcrumb\"},\"inLanguage\":\"fr-BE\",\"potentialAction\":[{\"@type\":\"ReadAction\",\"target\":[\"https:\\\/\\\/www.altares.be\\\/blog\\\/supply-procurement\\\/esg-is-het-nieuwe-maatschappelijk-verantwoord-ondernemen\\\/\"]}]},{\"@type\":\"ImageObject\",\"inLanguage\":\"fr-BE\",\"@id\":\"https:\\\/\\\/www.altares.be\\\/blog\\\/supply-procurement\\\/esg-is-het-nieuwe-maatschappelijk-verantwoord-ondernemen\\\/#primaryimage\",\"url\":\"https:\\\/\\\/www.altares.be\\\/wp-content\\\/uploads\\\/2022\\\/05\\\/ESG_MVO-2.jpg\",\"contentUrl\":\"https:\\\/\\\/www.altares.be\\\/wp-content\\\/uploads\\\/2022\\\/05\\\/ESG_MVO-2.jpg\",\"width\":900,\"height\":601,\"caption\":\"4 handen houden globe vast\"},{\"@type\":\"BreadcrumbList\",\"@id\":\"https:\\\/\\\/www.altares.be\\\/blog\\\/supply-procurement\\\/esg-is-het-nieuwe-maatschappelijk-verantwoord-ondernemen\\\/#breadcrumb\",\"itemListElement\":[{\"@type\":\"ListItem\",\"position\":1,\"name\":\"Home\",\"item\":\"https:\\\/\\\/www.altares.be\\\/\"},{\"@type\":\"ListItem\",\"position\":2,\"name\":\"ESG is het nieuwe maatschappelijk verantwoord ondernemen\"}]},{\"@type\":\"WebSite\",\"@id\":\"https:\\\/\\\/www.altares.be\\\/#website\",\"url\":\"https:\\\/\\\/www.altares.be\\\/\",\"name\":\"Altares\",\"description\":\"part of the Dun &amp; Bradstreet worldwide network\",\"publisher\":{\"@id\":\"https:\\\/\\\/www.altares.be\\\/#organization\"},\"potentialAction\":[{\"@type\":\"SearchAction\",\"target\":{\"@type\":\"EntryPoint\",\"urlTemplate\":\"https:\\\/\\\/www.altares.be\\\/?s={search_term_string}\"},\"query-input\":{\"@type\":\"PropertyValueSpecification\",\"valueRequired\":true,\"valueName\":\"search_term_string\"}}],\"inLanguage\":\"fr-BE\"},{\"@type\":\"Organization\",\"@id\":\"https:\\\/\\\/www.altares.be\\\/#organization\",\"name\":\"Altares\",\"url\":\"https:\\\/\\\/www.altares.be\\\/\",\"logo\":{\"@type\":\"ImageObject\",\"inLanguage\":\"fr-BE\",\"@id\":\"https:\\\/\\\/www.altares.be\\\/#\\\/schema\\\/logo\\\/image\\\/\",\"url\":\"https:\\\/\\\/www.altares.be\\\/wp-content\\\/uploads\\\/2021\\\/03\\\/Altares_RGB_liggend.svg\",\"contentUrl\":\"https:\\\/\\\/www.altares.be\\\/wp-content\\\/uploads\\\/2021\\\/03\\\/Altares_RGB_liggend.svg\",\"width\":145.57333,\"height\":20.52,\"caption\":\"Altares\"},\"image\":{\"@id\":\"https:\\\/\\\/www.altares.be\\\/#\\\/schema\\\/logo\\\/image\\\/\"}},{\"@type\":\"Person\",\"@id\":\"https:\\\/\\\/www.altares.be\\\/#\\\/schema\\\/person\\\/7877c47934a033959662af941380354f\",\"name\":\"J@han\",\"image\":{\"@type\":\"ImageObject\",\"inLanguage\":\"fr-BE\",\"@id\":\"https:\\\/\\\/secure.gravatar.com\\\/avatar\\\/96ecbc8bbb033e563778ab4ac332224c13a826e61099c9d54468a5f2f8f910d8?s=96&d=mm&r=g\",\"url\":\"https:\\\/\\\/secure.gravatar.com\\\/avatar\\\/96ecbc8bbb033e563778ab4ac332224c13a826e61099c9d54468a5f2f8f910d8?s=96&d=mm&r=g\",\"contentUrl\":\"https:\\\/\\\/secure.gravatar.com\\\/avatar\\\/96ecbc8bbb033e563778ab4ac332224c13a826e61099c9d54468a5f2f8f910d8?s=96&d=mm&r=g\",\"caption\":\"J@han\"}}]}<\/script>\n<!-- \/ Yoast SEO plugin. -->","yoast_head_json":{"title":"ESG, la nouvelle responsabilit\u00e9 soci\u00e9tale des entreprises \u2013 Altares","description":"Auparavant, tous les regards \u00e9taient port\u00e9s sur la responsabilit\u00e9 soci\u00e9tale des entreprises. Aujourd\u2019hui, ce concept semble avoir \u00e9t\u00e9 remplac\u00e9 par celui des crit\u00e8res d\u2019analyse de la politique environnementale, sociale et de la gouvernance de l\u2019entreprise (dits crit\u00e8res ESG). Mais quelles diff\u00e9rences peut-on observer entre ces deux perspectives ?","robots":{"index":"index","follow":"follow","max-snippet":"max-snippet:-1","max-image-preview":"max-image-preview:large","max-video-preview":"max-video-preview:-1"},"canonical":"https:\/\/www.altares.be\/fr\/blog\/supply-procurement\/esg-la-nouvelle-responsabilite-societale-des-entreprises\/","og_locale":"fr_FR","og_type":"article","og_title":"ESG is het nieuwe maatschappelijk verantwoord ondernemen - Altares","og_description":"Waar iedereen het eerst had over MVO, wordt nu ESG de nieuwe maatstaaf voor duurzaamheid. Maar wat is precies het verschil tussen ESG en MVO","og_url":"https:\/\/www.altares.be\/fr\/blog\/supply-procurement\/esg-la-nouvelle-responsabilite-societale-des-entreprises\/","og_site_name":"Altares","article_published_time":"2022-05-24T12:05:07+00:00","article_modified_time":"2023-09-01T13:07:33+00:00","og_image":[{"width":1080,"height":1080,"url":"https:\/\/www.altares.be\/wp-content\/uploads\/2022\/05\/BE_ESG_-ESGisCSR.png","type":"image\/png"}],"author":"J@han","twitter_card":"summary_large_image","twitter_misc":{"\u00c9crit par":"J@han","Dur\u00e9e de lecture est.":"3 minutes"},"schema":{"@context":"https:\/\/schema.org","@graph":[{"@type":"Article","@id":"https:\/\/www.altares.be\/blog\/supply-procurement\/esg-is-het-nieuwe-maatschappelijk-verantwoord-ondernemen\/#article","isPartOf":{"@id":"https:\/\/www.altares.be\/blog\/supply-procurement\/esg-is-het-nieuwe-maatschappelijk-verantwoord-ondernemen\/"},"author":{"name":"J@han","@id":"https:\/\/www.altares.be\/#\/schema\/person\/7877c47934a033959662af941380354f"},"headline":"ESG is het nieuwe maatschappelijk verantwoord ondernemen","datePublished":"2022-05-24T12:05:07+00:00","dateModified":"2023-09-01T13:07:33+00:00","mainEntityOfPage":{"@id":"https:\/\/www.altares.be\/blog\/supply-procurement\/esg-is-het-nieuwe-maatschappelijk-verantwoord-ondernemen\/"},"wordCount":524,"publisher":{"@id":"https:\/\/www.altares.be\/#organization"},"image":{"@id":"https:\/\/www.altares.be\/blog\/supply-procurement\/esg-is-het-nieuwe-maatschappelijk-verantwoord-ondernemen\/#primaryimage"},"thumbnailUrl":"https:\/\/www.altares.be\/wp-content\/uploads\/2022\/05\/ESG_MVO-2.jpg","articleSection":["ESG","Supply &amp; Procurement"],"inLanguage":"fr-BE"},{"@type":"WebPage","@id":"https:\/\/www.altares.be\/blog\/supply-procurement\/esg-is-het-nieuwe-maatschappelijk-verantwoord-ondernemen\/","url":"https:\/\/www.altares.be\/blog\/supply-procurement\/esg-is-het-nieuwe-maatschappelijk-verantwoord-ondernemen\/","name":"ESG, la nouvelle responsabilit\u00e9 soci\u00e9tale des entreprises \u2013 Altares","isPartOf":{"@id":"https:\/\/www.altares.be\/#website"},"primaryImageOfPage":{"@id":"https:\/\/www.altares.be\/blog\/supply-procurement\/esg-is-het-nieuwe-maatschappelijk-verantwoord-ondernemen\/#primaryimage"},"image":{"@id":"https:\/\/www.altares.be\/blog\/supply-procurement\/esg-is-het-nieuwe-maatschappelijk-verantwoord-ondernemen\/#primaryimage"},"thumbnailUrl":"https:\/\/www.altares.be\/wp-content\/uploads\/2022\/05\/ESG_MVO-2.jpg","datePublished":"2022-05-24T12:05:07+00:00","dateModified":"2023-09-01T13:07:33+00:00","description":"Auparavant, tous les regards \u00e9taient port\u00e9s sur la responsabilit\u00e9 soci\u00e9tale des entreprises. Aujourd\u2019hui, ce concept semble avoir \u00e9t\u00e9 remplac\u00e9 par celui des crit\u00e8res d\u2019analyse de la politique environnementale, sociale et de la gouvernance de l\u2019entreprise (dits crit\u00e8res ESG). Mais quelles diff\u00e9rences peut-on observer entre ces deux perspectives ?","breadcrumb":{"@id":"https:\/\/www.altares.be\/blog\/supply-procurement\/esg-is-het-nieuwe-maatschappelijk-verantwoord-ondernemen\/#breadcrumb"},"inLanguage":"fr-BE","potentialAction":[{"@type":"ReadAction","target":["https:\/\/www.altares.be\/blog\/supply-procurement\/esg-is-het-nieuwe-maatschappelijk-verantwoord-ondernemen\/"]}]},{"@type":"ImageObject","inLanguage":"fr-BE","@id":"https:\/\/www.altares.be\/blog\/supply-procurement\/esg-is-het-nieuwe-maatschappelijk-verantwoord-ondernemen\/#primaryimage","url":"https:\/\/www.altares.be\/wp-content\/uploads\/2022\/05\/ESG_MVO-2.jpg","contentUrl":"https:\/\/www.altares.be\/wp-content\/uploads\/2022\/05\/ESG_MVO-2.jpg","width":900,"height":601,"caption":"4 handen houden globe vast"},{"@type":"BreadcrumbList","@id":"https:\/\/www.altares.be\/blog\/supply-procurement\/esg-is-het-nieuwe-maatschappelijk-verantwoord-ondernemen\/#breadcrumb","itemListElement":[{"@type":"ListItem","position":1,"name":"Home","item":"https:\/\/www.altares.be\/"},{"@type":"ListItem","position":2,"name":"ESG is het nieuwe maatschappelijk verantwoord ondernemen"}]},{"@type":"WebSite","@id":"https:\/\/www.altares.be\/#website","url":"https:\/\/www.altares.be\/","name":"Altares","description":"partenaire du r\u00e9seau mondial de Dun\u00a0&amp;\u00a0Bradstreet","publisher":{"@id":"https:\/\/www.altares.be\/#organization"},"potentialAction":[{"@type":"SearchAction","target":{"@type":"EntryPoint","urlTemplate":"https:\/\/www.altares.be\/?s={search_term_string}"},"query-input":{"@type":"PropertyValueSpecification","valueRequired":true,"valueName":"search_term_string"}}],"inLanguage":"fr-BE"},{"@type":"Organization","@id":"https:\/\/www.altares.be\/#organization","name":"Altares","url":"https:\/\/www.altares.be\/","logo":{"@type":"ImageObject","inLanguage":"fr-BE","@id":"https:\/\/www.altares.be\/#\/schema\/logo\/image\/","url":"https:\/\/www.altares.be\/wp-content\/uploads\/2021\/03\/Altares_RGB_liggend.svg","contentUrl":"https:\/\/www.altares.be\/wp-content\/uploads\/2021\/03\/Altares_RGB_liggend.svg","width":145.57333,"height":20.52,"caption":"Altares"},"image":{"@id":"https:\/\/www.altares.be\/#\/schema\/logo\/image\/"}},{"@type":"Person","@id":"https:\/\/www.altares.be\/#\/schema\/person\/7877c47934a033959662af941380354f","name":"J@han","image":{"@type":"ImageObject","inLanguage":"fr-BE","@id":"https:\/\/secure.gravatar.com\/avatar\/96ecbc8bbb033e563778ab4ac332224c13a826e61099c9d54468a5f2f8f910d8?s=96&d=mm&r=g","url":"https:\/\/secure.gravatar.com\/avatar\/96ecbc8bbb033e563778ab4ac332224c13a826e61099c9d54468a5f2f8f910d8?s=96&d=mm&r=g","contentUrl":"https:\/\/secure.gravatar.com\/avatar\/96ecbc8bbb033e563778ab4ac332224c13a826e61099c9d54468a5f2f8f910d8?s=96&d=mm&r=g","caption":"J@han"}}]}},"_links":{"self":[{"href":"https:\/\/www.altares.be\/fr\/wp-json\/wp\/v2\/posts\/38310","targetHints":{"allow":["GET"]}}],"collection":[{"href":"https:\/\/www.altares.be\/fr\/wp-json\/wp\/v2\/posts"}],"about":[{"href":"https:\/\/www.altares.be\/fr\/wp-json\/wp\/v2\/types\/post"}],"author":[{"embeddable":true,"href":"https:\/\/www.altares.be\/fr\/wp-json\/wp\/v2\/users\/2"}],"replies":[{"embeddable":true,"href":"https:\/\/www.altares.be\/fr\/wp-json\/wp\/v2\/comments?post=38310"}],"version-history":[{"count":0,"href":"https:\/\/www.altares.be\/fr\/wp-json\/wp\/v2\/posts\/38310\/revisions"}],"wp:featuredmedia":[{"embeddable":true,"href":"https:\/\/www.altares.be\/fr\/wp-json\/wp\/v2\/media\/38311"}],"wp:attachment":[{"href":"https:\/\/www.altares.be\/fr\/wp-json\/wp\/v2\/media?parent=38310"}],"wp:term":[{"taxonomy":"category","embeddable":true,"href":"https:\/\/www.altares.be\/fr\/wp-json\/wp\/v2\/categories?post=38310"},{"taxonomy":"post_tag","embeddable":true,"href":"https:\/\/www.altares.be\/fr\/wp-json\/wp\/v2\/tags?post=38310"}],"curies":[{"name":"wp","href":"https:\/\/api.w.org\/{rel}","templated":true}]}}