{"id":46780,"date":"2024-03-25T13:21:40","date_gmt":"2024-03-25T12:21:40","guid":{"rendered":"https:\/\/www.altares.be\/?p=46780"},"modified":"2024-11-13T13:12:11","modified_gmt":"2024-11-13T12:12:11","slug":"le-delai-de-paiement-de-30-jours-devient-la-norme-dans-l-ue-quelles-sont-les-implications-pour-vous","status":"publish","type":"post","link":"https:\/\/www.altares.be\/fr\/blog\/credit-risk-management\/30-dagen-betaaltermijn-wordt-de-standaard-in-de-eu-hoe-ga-je-hiermee-om\/","title":{"rendered":"Le d\u00e9lai de paiement de 30 jours devient la norme dans l\u2019UE. Quelles sont les implications pour vous ?"},"content":{"rendered":"<p>En Belgique, nous appliquons actuellement un d\u00e9lai de paiement maximal de 60 jours, mais l\u2019Union europ\u00e9enne entend faire changer ces pratiques. Une proposition de loi a \u00e9t\u00e9 \u00e9labor\u00e9e en vue d\u2019appliquer un d\u00e9lai de paiement maximal de 30 jours dans l\u2019ensemble de l\u2019Union europ\u00e9enne. C\u2019est surtout pour les PME que cette \u00e9volution sera positive. Alors, en tant qu\u2019entreprise, comment g\u00e9rer ce changement ?<\/p>\n\n\n\n<figure class=\"wp-block-image size-full\"><img decoding=\"async\" src=\"https:\/\/www.altares.nl\/wp-content\/uploads\/2024\/03\/betaaltermijneu.jpg\" alt=\"\" class=\"wp-image-68776\"\/><\/figure>\n\n\n\n<h2 class=\"wp-block-heading\">Jeux de pouvoir<\/h2>\n\n\n\n<p>Par l\u2019introduction de la directive sur le retard de paiement, l\u2019Union europ\u00e9enne veut surtout prot\u00e9ger les PME contre les grandes entreprises. Souvent, les PME d\u00e9pendent fortement des grosses commandes des grandes entreprises. Et la plupart du temps, les PME ne disposent pas de grandes r\u00e9serves de liquidit\u00e9s. L\u2019ampleur des commandes les \u00ab oblige \u00bb donc, pour ainsi dire, \u00e0 accepter des d\u00e9lais de paiement plus longs. Les petites entreprises n\u2019ont pas les moyens de faire payer les grandes entreprises \u00e0 temps et se retrouvent donc rapidement dans une situation financi\u00e8re difficile.<\/p>\n\n\n\n<h2 class=\"wp-block-heading\">Proposition de directive sur le retard de paiement<\/h2>\n\n\n\n<p>La proposition actuellement sur la table se r\u00e9sume aux quatre points suivants\u00a0:<\/p>\n\n\n\n<ul class=\"wp-block-list\">\n<li>Le d\u00e9lai de paiement maximal est de 30 jours (actuellement encore 60 jours) et s\u2019applique \u00e0 la grande majorit\u00e9 des transactions entre les entreprises ainsi qu\u2019entre les entreprises et les pouvoirs publics.<\/li>\n\n\n\n<li>Les d\u00e9lais de paiement ne peuvent pas \u00eatre prolong\u00e9s purement et simplement. Ils ne peuvent l\u2019\u00eatre que lorsque cette prolongation est raisonnable pour le cr\u00e9ancier.<\/li>\n\n\n\n<li>Un d\u00e9biteur est automatiquement oblig\u00e9 de payer des int\u00e9r\u00eats sur les paiements en retard. En outre, un cr\u00e9ancier ne peut pas simplement laisser ces int\u00e9r\u00eats s\u2019\u00e9teindre pour le d\u00e9biteur.<\/li>\n\n\n\n<li>Des mesures suppl\u00e9mentaires sont introduites pour prot\u00e9ger les cr\u00e9anciers. Par exemple, tous les \u00c9tats membres doivent d\u00e9signer des autorit\u00e9s charg\u00e9es de faire appliquer cette directive et de contr\u00f4ler qu\u2019elle est scrupuleusement respect\u00e9e.<\/li>\n<\/ul>\n\n\n\n<h2 class=\"wp-block-heading\">Situation actuelle vs nouvelle situation<\/h2>\n\n\n\n<p>Actuellement, si vous effectuez des transactions commerciales en Belgique (donc aussi en tant qu\u2019entreprise \u00e9trang\u00e8re), vous disposez d\u2019un d\u00e9lai de paiement contractuel pouvant aller jusqu\u2019\u00e0 60 jours. Avec l\u2019entr\u00e9e en vigueur possible de la nouvelle directive sur le retard de paiement, cette situation serait modifi\u00e9e et toutes les entreprises devraient payer dans les 30 jours, soit deux fois plus vite qu\u2019aujourd\u2019hui.<\/p>\n\n\n\n<h2 class=\"wp-block-heading\">\u00c9tapes suivantes<\/h2>\n\n\n\n<p>Il y a de tr\u00e8s fortes chances que cette loi entre en vigueur, rempla\u00e7ant ainsi la l\u00e9gislation belge actuelle. Que pouvez-vous faire pour vous pr\u00e9parer \u00e0 ce changement ?<\/p>\n\n\n\n<h3 class=\"wp-block-heading\">Examinez la morale de paiement<\/h3>\n\n\n\n<p>La morale de paiement d\u2019une entreprise indique dans quelle mesure un client paie ses factures \u00e0 temps. Pour quantifier cet aspect, Altares Dun &amp; Bradstreet utilise le score Paydex. Cet indice de paiement de D&amp;B est \u00e9tabli \u00e0 partir de millions d\u2019exp\u00e9riences de paiement et refl\u00e8te le degr\u00e9 d\u2019anticipation des factures par le client. Par exemple, un score de 100 signifie que l\u2019anticipation du client est excellente. Un score de 50 indique qu\u2019une entreprise a souvent jusqu\u2019\u00e0 30 jours de retard dans le paiement d\u2019une facture. L\u2019analyse de plusieurs milliers de faillites dans diff\u00e9rents pays montre une corr\u00e9lation \u00e9vidente entre le risque de d\u00e9faillance d\u2019une entreprise et le score Paydex de D&amp;B.<\/p>\n\n\n\n<p><strong>Pour en savoir plus :<\/strong> <a href=\"https:\/\/www.altares.be\/fr\/nos-donnees\/rating-et-scores\/paydex\/\">Plus d\u2019informations au sujet du Paydex de D&amp;B<\/a><\/p>\n\n\n\n<h3 class=\"wp-block-heading\">Envoyez vos factures \u00e0 temps (avec une r\u00e9duction)<\/h3>\n\n\n\n<p>Veillez \u00e0 ce que votre syst\u00e8me de facturation fonctionne correctement et vous permette d\u2019envoyer les factures \u00e0 temps (et automatiquement). Sur la facture, offrez une r\u00e9duction en cas de paiement anticip\u00e9. Cette m\u00e9thode pousse les entreprises \u00e0 r\u00e9gler leurs factures plus rapidement.<\/p>\n\n\n\n<h3 class=\"wp-block-heading\">V\u00e9rifiez la sant\u00e9 financi\u00e8re des nouveaux clients<\/h3>\n\n\n\n<p>Lorsque de nouveaux clients s\u2019adressent \u00e0 votre entreprise et souhaitent passer commande, il est judicieux de v\u00e9rifier leur sant\u00e9 financi\u00e8re. Vous pouvez le faire, par exemple, en utilisant l\u2019outil<a href=\"https:\/\/www.altares.be\/fr\/produits\/db-finance-analytics\/\"> D&amp;B Finance Analytics<\/a>. Sur cette plateforme, vous trouverez les informations financi\u00e8res de plus de 500 millions d\u2019entreprises du monde entier. Bas\u00e9e sur plus de 30 000 sources de donn\u00e9es, elle indique une limite de cr\u00e9dit et vous permet de consulter le Paydex ainsi que d\u2019autres informations financi\u00e8res. Vous savez ainsi avec certitude si le nouveau client est en mesure de payer sa facture et s\u2019il le fera \u00e0 temps.<\/p>\n\n\n\n<p><strong>Lisez aussi :<\/strong> <a href=\"https:\/\/www.altares.be\/fr\/blog\/credit-risk-management\/risques-de-credit-les-prendre-les-eviter-ou-s-en-premunir\/\">Risques de cr\u00e9dit : les prendre, les \u00e9viter ou s\u2019en pr\u00e9munir ?<\/a><\/p>\n\n\n\n<p>Dans l\u2019ensemble, la proposition d\u2019une nouvelle directive sur le retard de paiement est une \u00e9volution positive, m\u00eame si, \u00e0 ce jour, de nombreuses entreprises ne sont pas du tout pr\u00eates pour ce changement. C\u2019est pourquoi nous vous recommandons vivement de mettre en place d\u00e8s maintenant les processus n\u00e9cessaires au sein du d\u00e9partement des cr\u00e9dits afin de vous pr\u00e9parer \u00e0 l\u2019entr\u00e9e en vigueur du nouveau d\u00e9lai de paiement raccourci. La lecture de cet article suscite des questions ou des remarques sur les d\u00e9lais de paiement ? Nous nous ferons un plaisir de les examiner avec vous. Remplissez le formulaire ci-dessous et nous reviendrons vers vous.<\/p>","protected":false},"excerpt":{"rendered":"<p>Actuellement, si vous effectuez des transactions commerciales en Belgique (donc aussi en tant qu\u2019entreprise \u00e9trang\u00e8re), vous disposez d\u2019un d\u00e9lai de paiement contractuel pouvant aller jusqu\u2019\u00e0 60 jours. Avec l\u2019entr\u00e9e en vigueur possible de la nouvelle directive sur le retard de paiement, cette situation serait modifi\u00e9e et toutes les entreprises devraient payer dans les 30 jours, soit deux fois plus vite qu\u2019aujourd\u2019hui.<\/p>","protected":false},"author":2,"featured_media":46782,"comment_status":"closed","ping_status":"closed","sticky":false,"template":"","format":"standard","meta":{"_acf_changed":false,"inline_featured_image":false,"footnotes":""},"categories":[21],"tags":[],"class_list":["post-46780","post","type-post","status-publish","format-standard","has-post-thumbnail","hentry","category-credit-risk-management"],"acf":[],"yoast_head":"<!-- This site is optimized with the Yoast SEO plugin v27.3 - https:\/\/yoast.com\/product\/yoast-seo-wordpress\/ -->\n<title>30 dagen betaaltermijn wordt de standaard in de EU. Hoe ga je hiermee om? - Altares<\/title>\n<meta name=\"description\" content=\"Een nieuw voorstel voor de Late Payment Directive ligt klaar en maakt van 30 dagen de standaard betaaltermijn in de EU. We helpen je verder.\" \/>\n<meta name=\"robots\" content=\"index, follow, max-snippet:-1, max-image-preview:large, max-video-preview:-1\" \/>\n<link rel=\"canonical\" href=\"https:\/\/www.altares.be\/fr\/blog\/credit-risk-management\/le-delai-de-paiement-de-30-jours-devient-la-norme-dans-l-ue-quelles-sont-les-implications-pour-vous\/\" \/>\n<meta property=\"og:locale\" content=\"fr_FR\" \/>\n<meta property=\"og:type\" content=\"article\" \/>\n<meta property=\"og:title\" content=\"30 dagen betaaltermijn wordt de standaard in de EU. Hoe ga je hiermee om? - Altares\" \/>\n<meta property=\"og:description\" content=\"Een nieuw voorstel voor de Late Payment Directive ligt klaar en maakt van 30 dagen de standaard betaaltermijn in de EU. We helpen je verder.\" \/>\n<meta property=\"og:url\" content=\"https:\/\/www.altares.be\/fr\/blog\/credit-risk-management\/le-delai-de-paiement-de-30-jours-devient-la-norme-dans-l-ue-quelles-sont-les-implications-pour-vous\/\" \/>\n<meta property=\"og:site_name\" content=\"Altares\" \/>\n<meta property=\"article:published_time\" content=\"2024-03-25T12:21:40+00:00\" \/>\n<meta property=\"article:modified_time\" content=\"2024-11-13T12:12:11+00:00\" \/>\n<meta property=\"og:image\" content=\"https:\/\/www.altares.be\/wp-content\/uploads\/2024\/03\/paymentterm.png\" \/>\n\t<meta property=\"og:image:width\" content=\"1080\" \/>\n\t<meta property=\"og:image:height\" content=\"1080\" \/>\n\t<meta property=\"og:image:type\" content=\"image\/png\" \/>\n<meta name=\"author\" content=\"J@han\" \/>\n<meta name=\"twitter:card\" content=\"summary_large_image\" \/>\n<meta name=\"twitter:label1\" content=\"\u00c9crit par\" \/>\n\t<meta name=\"twitter:data1\" content=\"J@han\" \/>\n\t<meta name=\"twitter:label2\" content=\"Dur\u00e9e de lecture est.\" \/>\n\t<meta name=\"twitter:data2\" content=\"4 minutes\" \/>\n<script type=\"application\/ld+json\" class=\"yoast-schema-graph\">{\"@context\":\"https:\\\/\\\/schema.org\",\"@graph\":[{\"@type\":\"Article\",\"@id\":\"https:\\\/\\\/www.altares.be\\\/blog\\\/credit-risk-management\\\/30-dagen-betaaltermijn-wordt-de-standaard-in-de-eu-hoe-ga-je-hiermee-om\\\/#article\",\"isPartOf\":{\"@id\":\"https:\\\/\\\/www.altares.be\\\/blog\\\/credit-risk-management\\\/30-dagen-betaaltermijn-wordt-de-standaard-in-de-eu-hoe-ga-je-hiermee-om\\\/\"},\"author\":{\"name\":\"J@han\",\"@id\":\"https:\\\/\\\/www.altares.be\\\/#\\\/schema\\\/person\\\/7877c47934a033959662af941380354f\"},\"headline\":\"30 dagen betaaltermijn wordt de standaard in de EU. Hoe ga je hiermee om?\",\"datePublished\":\"2024-03-25T12:21:40+00:00\",\"dateModified\":\"2024-11-13T12:12:11+00:00\",\"mainEntityOfPage\":{\"@id\":\"https:\\\/\\\/www.altares.be\\\/blog\\\/credit-risk-management\\\/30-dagen-betaaltermijn-wordt-de-standaard-in-de-eu-hoe-ga-je-hiermee-om\\\/\"},\"wordCount\":715,\"publisher\":{\"@id\":\"https:\\\/\\\/www.altares.be\\\/#organization\"},\"image\":{\"@id\":\"https:\\\/\\\/www.altares.be\\\/blog\\\/credit-risk-management\\\/30-dagen-betaaltermijn-wordt-de-standaard-in-de-eu-hoe-ga-je-hiermee-om\\\/#primaryimage\"},\"thumbnailUrl\":\"https:\\\/\\\/www.altares.be\\\/wp-content\\\/uploads\\\/2024\\\/03\\\/betaaltermijneu.jpg\",\"articleSection\":[\"Credit Risk Management\"],\"inLanguage\":\"fr-BE\"},{\"@type\":\"WebPage\",\"@id\":\"https:\\\/\\\/www.altares.be\\\/blog\\\/credit-risk-management\\\/30-dagen-betaaltermijn-wordt-de-standaard-in-de-eu-hoe-ga-je-hiermee-om\\\/\",\"url\":\"https:\\\/\\\/www.altares.be\\\/blog\\\/credit-risk-management\\\/30-dagen-betaaltermijn-wordt-de-standaard-in-de-eu-hoe-ga-je-hiermee-om\\\/\",\"name\":\"30 dagen betaaltermijn wordt de standaard in de EU. Hoe ga je hiermee om? - Altares\",\"isPartOf\":{\"@id\":\"https:\\\/\\\/www.altares.be\\\/#website\"},\"primaryImageOfPage\":{\"@id\":\"https:\\\/\\\/www.altares.be\\\/blog\\\/credit-risk-management\\\/30-dagen-betaaltermijn-wordt-de-standaard-in-de-eu-hoe-ga-je-hiermee-om\\\/#primaryimage\"},\"image\":{\"@id\":\"https:\\\/\\\/www.altares.be\\\/blog\\\/credit-risk-management\\\/30-dagen-betaaltermijn-wordt-de-standaard-in-de-eu-hoe-ga-je-hiermee-om\\\/#primaryimage\"},\"thumbnailUrl\":\"https:\\\/\\\/www.altares.be\\\/wp-content\\\/uploads\\\/2024\\\/03\\\/betaaltermijneu.jpg\",\"datePublished\":\"2024-03-25T12:21:40+00:00\",\"dateModified\":\"2024-11-13T12:12:11+00:00\",\"description\":\"Een nieuw voorstel voor de Late Payment Directive ligt klaar en maakt van 30 dagen de standaard betaaltermijn in de EU. We helpen je verder.\",\"breadcrumb\":{\"@id\":\"https:\\\/\\\/www.altares.be\\\/blog\\\/credit-risk-management\\\/30-dagen-betaaltermijn-wordt-de-standaard-in-de-eu-hoe-ga-je-hiermee-om\\\/#breadcrumb\"},\"inLanguage\":\"fr-BE\",\"potentialAction\":[{\"@type\":\"ReadAction\",\"target\":[\"https:\\\/\\\/www.altares.be\\\/blog\\\/credit-risk-management\\\/30-dagen-betaaltermijn-wordt-de-standaard-in-de-eu-hoe-ga-je-hiermee-om\\\/\"]}]},{\"@type\":\"ImageObject\",\"inLanguage\":\"fr-BE\",\"@id\":\"https:\\\/\\\/www.altares.be\\\/blog\\\/credit-risk-management\\\/30-dagen-betaaltermijn-wordt-de-standaard-in-de-eu-hoe-ga-je-hiermee-om\\\/#primaryimage\",\"url\":\"https:\\\/\\\/www.altares.be\\\/wp-content\\\/uploads\\\/2024\\\/03\\\/betaaltermijneu.jpg\",\"contentUrl\":\"https:\\\/\\\/www.altares.be\\\/wp-content\\\/uploads\\\/2024\\\/03\\\/betaaltermijneu.jpg\",\"width\":880,\"height\":472,\"caption\":\"Betaaltermijn\"},{\"@type\":\"BreadcrumbList\",\"@id\":\"https:\\\/\\\/www.altares.be\\\/blog\\\/credit-risk-management\\\/30-dagen-betaaltermijn-wordt-de-standaard-in-de-eu-hoe-ga-je-hiermee-om\\\/#breadcrumb\",\"itemListElement\":[{\"@type\":\"ListItem\",\"position\":1,\"name\":\"Home\",\"item\":\"https:\\\/\\\/www.altares.be\\\/\"},{\"@type\":\"ListItem\",\"position\":2,\"name\":\"30 dagen betaaltermijn wordt de standaard in de EU. Hoe ga je hiermee om?\"}]},{\"@type\":\"WebSite\",\"@id\":\"https:\\\/\\\/www.altares.be\\\/#website\",\"url\":\"https:\\\/\\\/www.altares.be\\\/\",\"name\":\"Altares\",\"description\":\"part of the Dun &amp; Bradstreet worldwide network\",\"publisher\":{\"@id\":\"https:\\\/\\\/www.altares.be\\\/#organization\"},\"potentialAction\":[{\"@type\":\"SearchAction\",\"target\":{\"@type\":\"EntryPoint\",\"urlTemplate\":\"https:\\\/\\\/www.altares.be\\\/?s={search_term_string}\"},\"query-input\":{\"@type\":\"PropertyValueSpecification\",\"valueRequired\":true,\"valueName\":\"search_term_string\"}}],\"inLanguage\":\"fr-BE\"},{\"@type\":\"Organization\",\"@id\":\"https:\\\/\\\/www.altares.be\\\/#organization\",\"name\":\"Altares\",\"url\":\"https:\\\/\\\/www.altares.be\\\/\",\"logo\":{\"@type\":\"ImageObject\",\"inLanguage\":\"fr-BE\",\"@id\":\"https:\\\/\\\/www.altares.be\\\/#\\\/schema\\\/logo\\\/image\\\/\",\"url\":\"https:\\\/\\\/www.altares.be\\\/wp-content\\\/uploads\\\/2021\\\/03\\\/Altares_RGB_liggend.svg\",\"contentUrl\":\"https:\\\/\\\/www.altares.be\\\/wp-content\\\/uploads\\\/2021\\\/03\\\/Altares_RGB_liggend.svg\",\"width\":145.57333,\"height\":20.52,\"caption\":\"Altares\"},\"image\":{\"@id\":\"https:\\\/\\\/www.altares.be\\\/#\\\/schema\\\/logo\\\/image\\\/\"}},{\"@type\":\"Person\",\"@id\":\"https:\\\/\\\/www.altares.be\\\/#\\\/schema\\\/person\\\/7877c47934a033959662af941380354f\",\"name\":\"J@han\",\"image\":{\"@type\":\"ImageObject\",\"inLanguage\":\"fr-BE\",\"@id\":\"https:\\\/\\\/secure.gravatar.com\\\/avatar\\\/96ecbc8bbb033e563778ab4ac332224c13a826e61099c9d54468a5f2f8f910d8?s=96&d=mm&r=g\",\"url\":\"https:\\\/\\\/secure.gravatar.com\\\/avatar\\\/96ecbc8bbb033e563778ab4ac332224c13a826e61099c9d54468a5f2f8f910d8?s=96&d=mm&r=g\",\"contentUrl\":\"https:\\\/\\\/secure.gravatar.com\\\/avatar\\\/96ecbc8bbb033e563778ab4ac332224c13a826e61099c9d54468a5f2f8f910d8?s=96&d=mm&r=g\",\"caption\":\"J@han\"}}]}<\/script>\n<!-- \/ Yoast SEO plugin. -->","yoast_head_json":{"title":"Le d\u00e9lai de paiement de 30 jours devient la norme dans l\u2019UE. Quelles sont les implications pour vous ? \u2013 Altares","description":"Une nouvelle proposition de directive sur le retard de paiement porte \u00e0 30 jours le d\u00e9lai de paiement standard dans l'UE. Nous vous aidons.","robots":{"index":"index","follow":"follow","max-snippet":"max-snippet:-1","max-image-preview":"max-image-preview:large","max-video-preview":"max-video-preview:-1"},"canonical":"https:\/\/www.altares.be\/fr\/blog\/credit-risk-management\/le-delai-de-paiement-de-30-jours-devient-la-norme-dans-l-ue-quelles-sont-les-implications-pour-vous\/","og_locale":"fr_FR","og_type":"article","og_title":"30 dagen betaaltermijn wordt de standaard in de EU. Hoe ga je hiermee om? - Altares","og_description":"Een nieuw voorstel voor de Late Payment Directive ligt klaar en maakt van 30 dagen de standaard betaaltermijn in de EU. We helpen je verder.","og_url":"https:\/\/www.altares.be\/fr\/blog\/credit-risk-management\/le-delai-de-paiement-de-30-jours-devient-la-norme-dans-l-ue-quelles-sont-les-implications-pour-vous\/","og_site_name":"Altares","article_published_time":"2024-03-25T12:21:40+00:00","article_modified_time":"2024-11-13T12:12:11+00:00","og_image":[{"width":1080,"height":1080,"url":"https:\/\/www.altares.be\/wp-content\/uploads\/2024\/03\/paymentterm.png","type":"image\/png"}],"author":"J@han","twitter_card":"summary_large_image","twitter_misc":{"\u00c9crit par":"J@han","Dur\u00e9e de lecture est.":"4 minutes"},"schema":{"@context":"https:\/\/schema.org","@graph":[{"@type":"Article","@id":"https:\/\/www.altares.be\/blog\/credit-risk-management\/30-dagen-betaaltermijn-wordt-de-standaard-in-de-eu-hoe-ga-je-hiermee-om\/#article","isPartOf":{"@id":"https:\/\/www.altares.be\/blog\/credit-risk-management\/30-dagen-betaaltermijn-wordt-de-standaard-in-de-eu-hoe-ga-je-hiermee-om\/"},"author":{"name":"J@han","@id":"https:\/\/www.altares.be\/#\/schema\/person\/7877c47934a033959662af941380354f"},"headline":"30 dagen betaaltermijn wordt de standaard in de EU. Hoe ga je hiermee om?","datePublished":"2024-03-25T12:21:40+00:00","dateModified":"2024-11-13T12:12:11+00:00","mainEntityOfPage":{"@id":"https:\/\/www.altares.be\/blog\/credit-risk-management\/30-dagen-betaaltermijn-wordt-de-standaard-in-de-eu-hoe-ga-je-hiermee-om\/"},"wordCount":715,"publisher":{"@id":"https:\/\/www.altares.be\/#organization"},"image":{"@id":"https:\/\/www.altares.be\/blog\/credit-risk-management\/30-dagen-betaaltermijn-wordt-de-standaard-in-de-eu-hoe-ga-je-hiermee-om\/#primaryimage"},"thumbnailUrl":"https:\/\/www.altares.be\/wp-content\/uploads\/2024\/03\/betaaltermijneu.jpg","articleSection":["Credit Risk Management"],"inLanguage":"fr-BE"},{"@type":"WebPage","@id":"https:\/\/www.altares.be\/blog\/credit-risk-management\/30-dagen-betaaltermijn-wordt-de-standaard-in-de-eu-hoe-ga-je-hiermee-om\/","url":"https:\/\/www.altares.be\/blog\/credit-risk-management\/30-dagen-betaaltermijn-wordt-de-standaard-in-de-eu-hoe-ga-je-hiermee-om\/","name":"Le d\u00e9lai de paiement de 30 jours devient la norme dans l\u2019UE. Quelles sont les implications pour vous ? \u2013 Altares","isPartOf":{"@id":"https:\/\/www.altares.be\/#website"},"primaryImageOfPage":{"@id":"https:\/\/www.altares.be\/blog\/credit-risk-management\/30-dagen-betaaltermijn-wordt-de-standaard-in-de-eu-hoe-ga-je-hiermee-om\/#primaryimage"},"image":{"@id":"https:\/\/www.altares.be\/blog\/credit-risk-management\/30-dagen-betaaltermijn-wordt-de-standaard-in-de-eu-hoe-ga-je-hiermee-om\/#primaryimage"},"thumbnailUrl":"https:\/\/www.altares.be\/wp-content\/uploads\/2024\/03\/betaaltermijneu.jpg","datePublished":"2024-03-25T12:21:40+00:00","dateModified":"2024-11-13T12:12:11+00:00","description":"Une nouvelle proposition de directive sur le retard de paiement porte \u00e0 30 jours le d\u00e9lai de paiement standard dans l'UE. Nous vous aidons.","breadcrumb":{"@id":"https:\/\/www.altares.be\/blog\/credit-risk-management\/30-dagen-betaaltermijn-wordt-de-standaard-in-de-eu-hoe-ga-je-hiermee-om\/#breadcrumb"},"inLanguage":"fr-BE","potentialAction":[{"@type":"ReadAction","target":["https:\/\/www.altares.be\/blog\/credit-risk-management\/30-dagen-betaaltermijn-wordt-de-standaard-in-de-eu-hoe-ga-je-hiermee-om\/"]}]},{"@type":"ImageObject","inLanguage":"fr-BE","@id":"https:\/\/www.altares.be\/blog\/credit-risk-management\/30-dagen-betaaltermijn-wordt-de-standaard-in-de-eu-hoe-ga-je-hiermee-om\/#primaryimage","url":"https:\/\/www.altares.be\/wp-content\/uploads\/2024\/03\/betaaltermijneu.jpg","contentUrl":"https:\/\/www.altares.be\/wp-content\/uploads\/2024\/03\/betaaltermijneu.jpg","width":880,"height":472,"caption":"Betaaltermijn"},{"@type":"BreadcrumbList","@id":"https:\/\/www.altares.be\/blog\/credit-risk-management\/30-dagen-betaaltermijn-wordt-de-standaard-in-de-eu-hoe-ga-je-hiermee-om\/#breadcrumb","itemListElement":[{"@type":"ListItem","position":1,"name":"Home","item":"https:\/\/www.altares.be\/"},{"@type":"ListItem","position":2,"name":"30 dagen betaaltermijn wordt de standaard in de EU. Hoe ga je hiermee om?"}]},{"@type":"WebSite","@id":"https:\/\/www.altares.be\/#website","url":"https:\/\/www.altares.be\/","name":"Altares","description":"partenaire du r\u00e9seau mondial de Dun\u00a0&amp;\u00a0Bradstreet","publisher":{"@id":"https:\/\/www.altares.be\/#organization"},"potentialAction":[{"@type":"SearchAction","target":{"@type":"EntryPoint","urlTemplate":"https:\/\/www.altares.be\/?s={search_term_string}"},"query-input":{"@type":"PropertyValueSpecification","valueRequired":true,"valueName":"search_term_string"}}],"inLanguage":"fr-BE"},{"@type":"Organization","@id":"https:\/\/www.altares.be\/#organization","name":"Altares","url":"https:\/\/www.altares.be\/","logo":{"@type":"ImageObject","inLanguage":"fr-BE","@id":"https:\/\/www.altares.be\/#\/schema\/logo\/image\/","url":"https:\/\/www.altares.be\/wp-content\/uploads\/2021\/03\/Altares_RGB_liggend.svg","contentUrl":"https:\/\/www.altares.be\/wp-content\/uploads\/2021\/03\/Altares_RGB_liggend.svg","width":145.57333,"height":20.52,"caption":"Altares"},"image":{"@id":"https:\/\/www.altares.be\/#\/schema\/logo\/image\/"}},{"@type":"Person","@id":"https:\/\/www.altares.be\/#\/schema\/person\/7877c47934a033959662af941380354f","name":"J@han","image":{"@type":"ImageObject","inLanguage":"fr-BE","@id":"https:\/\/secure.gravatar.com\/avatar\/96ecbc8bbb033e563778ab4ac332224c13a826e61099c9d54468a5f2f8f910d8?s=96&d=mm&r=g","url":"https:\/\/secure.gravatar.com\/avatar\/96ecbc8bbb033e563778ab4ac332224c13a826e61099c9d54468a5f2f8f910d8?s=96&d=mm&r=g","contentUrl":"https:\/\/secure.gravatar.com\/avatar\/96ecbc8bbb033e563778ab4ac332224c13a826e61099c9d54468a5f2f8f910d8?s=96&d=mm&r=g","caption":"J@han"}}]}},"_links":{"self":[{"href":"https:\/\/www.altares.be\/fr\/wp-json\/wp\/v2\/posts\/46780","targetHints":{"allow":["GET"]}}],"collection":[{"href":"https:\/\/www.altares.be\/fr\/wp-json\/wp\/v2\/posts"}],"about":[{"href":"https:\/\/www.altares.be\/fr\/wp-json\/wp\/v2\/types\/post"}],"author":[{"embeddable":true,"href":"https:\/\/www.altares.be\/fr\/wp-json\/wp\/v2\/users\/2"}],"replies":[{"embeddable":true,"href":"https:\/\/www.altares.be\/fr\/wp-json\/wp\/v2\/comments?post=46780"}],"version-history":[{"count":0,"href":"https:\/\/www.altares.be\/fr\/wp-json\/wp\/v2\/posts\/46780\/revisions"}],"wp:featuredmedia":[{"embeddable":true,"href":"https:\/\/www.altares.be\/fr\/wp-json\/wp\/v2\/media\/46782"}],"wp:attachment":[{"href":"https:\/\/www.altares.be\/fr\/wp-json\/wp\/v2\/media?parent=46780"}],"wp:term":[{"taxonomy":"category","embeddable":true,"href":"https:\/\/www.altares.be\/fr\/wp-json\/wp\/v2\/categories?post=46780"},{"taxonomy":"post_tag","embeddable":true,"href":"https:\/\/www.altares.be\/fr\/wp-json\/wp\/v2\/tags?post=46780"}],"curies":[{"name":"wp","href":"https:\/\/api.w.org\/{rel}","templated":true}]}}