{"id":51004,"date":"2025-05-22T15:18:14","date_gmt":"2025-05-22T13:18:14","guid":{"rendered":"https:\/\/www.altares.be\/?p=51004"},"modified":"2025-05-22T15:59:05","modified_gmt":"2025-05-22T13:59:05","slug":"sepa-2-0-arrive-etes-vous-pret-pour-la-nouvelle-norme-europeenne","status":"publish","type":"post","link":"https:\/\/www.altares.be\/fr\/blog\/compliance\/sepa-2-0-komt-eraan-ben-jij-klaar-voor-nieuwe-europese-standaard\/","title":{"rendered":"SEPA 2.0 arrive : \u00eates-vous pr\u00eat pour la nouvelle norme europ\u00e9enne ?"},"content":{"rendered":"<p>Imaginez ceci : vous effectuez un paiement international, tout semble se passer sans probl\u00e8me, mais quelques jours plus tard, vous recevez un message indiquant que le paiement a \u00e9t\u00e9 refus\u00e9. La raison ? L\u2019adresse n\u2019\u00e9tait pas correctement structur\u00e9e. C\u2019est exactement ce dont il s\u2019agit avec la nouvelle structure d\u2019adresse SEPA. Pour garantir que les paiements soient trait\u00e9s de mani\u00e8re fluide et correcte, les adresses doivent \u00eatre renseign\u00e9es selon un format sp\u00e9cifique.<\/p>\n\n\n\n<figure class=\"wp-block-image size-large\"><img fetchpriority=\"high\" decoding=\"async\" width=\"1024\" height=\"579\" src=\"https:\/\/www.altares.be\/wp-content\/uploads\/2025\/05\/Paper-plane-1024x579.webp\" alt=\"SEPA2.0\" class=\"wp-image-51005\" srcset=\"\" sizes=\"(max-width: 1024px) 100vw, 1024px\" data-srcset=\"\" \/><\/figure>\n\n\n\n<h2 class=\"wp-block-heading\">Qu\u2019est-ce que SEPA ?<\/h2>\n\n\n\n<p>SEPA, la zone unique de paiements en euros, est une initiative de l\u2019Union europ\u00e9enne qui facilite depuis des ann\u00e9es les paiements en euros \u00e0 travers l\u2019Europe. Que vous transf\u00e9reriez de l\u2019argent \u00e0 un fournisseur en Allemagne ou que vous payiez un client en France, gr\u00e2ce \u00e0 SEPA, cela se fait aussi facilement qu\u2019un paiement national.<\/p>\n\n\n\n<p>Cependant, un changement majeur arrive. \u00c0 partir de novembre 2025, SEPA adoptera officiellement la norme ISO 20022. Cette norme internationale concerne l\u2019\u00e9change de donn\u00e9es financi\u00e8res. Cette transition, appel\u00e9e SEPA 2.0, impacte directement la mani\u00e8re dont les organisations stockent, traitent et partagent les donn\u00e9es d\u2019adresses avec les banques et les syst\u00e8mes.<\/p>\n\n\n\n<h2 class=\"wp-block-heading\">Qu\u2019est-ce qui change exactement ?<\/h2>\n\n\n\n<p>Jusqu\u2019\u00e0 pr\u00e9sent, les adresses \u00e9taient souvent stock\u00e9es sous forme d\u2019un seul bloc de texte, par exemple \u00ab Keizersgracht 123, 1015 CJ Amsterdam, Pays-Bas \u00bb. Pratique pour les humains, mais pas pour les syst\u00e8mes.<\/p>\n\n\n\n<p>ISO 20022 impose une approche structur\u00e9e. Chaque \u00e9l\u00e9ment, comme le nom de rue, le num\u00e9ro, le code postal, la ville et le pays, doit \u00eatre plac\u00e9 dans un champ distinct. C\u2019est la seule fa\u00e7on pour les banques, les syst\u00e8mes et les profils de donn\u00e9es de traiter et v\u00e9rifier correctement l\u2019information.<\/p>\n\n\n\n<h2 class=\"wp-block-heading\">Pourquoi ce changement est important<\/h2>\n\n\n\n<p>Les avantages d\u2019une adresse structur\u00e9e sont nombreux. Cela r\u00e9duit le risque d\u2019erreurs ou de retards dans les paiements parce que les syst\u00e8mes peuvent mieux interpr\u00e9ter les donn\u00e9es. Les transactions internationales sont trait\u00e9es plus rapidement, ce qui est particuli\u00e8rement pr\u00e9cieux pour les entreprises ayant des clients ou fournisseurs \u00e0 l\u2019\u00e9tranger. De plus, cela am\u00e9liore la protection contre la fraude puisque les donn\u00e9es sont plus faciles \u00e0 v\u00e9rifier.<\/p>\n\n\n\n<p>Autre point important, cela permet aussi de respecter la r\u00e9glementation europ\u00e9enne de plus en plus stricte. Enfin, la qualit\u00e9 globale des donn\u00e9es s\u2019am\u00e9liore, ce qui renforce les processus internes et optimise la valeur extraite des syst\u00e8mes. Pour les organisations actives \u00e0 l\u2019international, ce n\u2019est pas un simple avantage, mais une obligation.<\/p>\n\n\n\n<h2 class=\"wp-block-heading\">Il est temps d\u2019agir<\/h2>\n\n\n\n<p>\u00c0 partir de novembre 2025, plus de 40 pays europ\u00e9ens devront se conformer aux nouvelles directives SEPA 2.0. Il est donc temps de se pr\u00e9parer afin que vos syst\u00e8mes, sources de donn\u00e9es et processus soient en conformit\u00e9 \u00e0 temps.<\/p>\n\n\n\n<p>Commencez par v\u00e9rifier que vos donn\u00e9es d\u2019adresses sont compl\u00e8tes et structur\u00e9es selon les nouvelles exigences. Ajustez vos syst\u00e8mes CRM, ERP et de paiement si n\u00e9cessaire pour qu\u2019ils traitent correctement les adresses. Assurez-vous \u00e9galement que les nouvelles donn\u00e9es soient automatiquement stock\u00e9es dans le bon format. Ainsi, vous \u00e9viterez retards, rejets ou probl\u00e8mes de conformit\u00e9 et vous pr\u00e9parerez votre organisation pour l\u2019avenir des paiements internationaux.<\/p>\n\n\n\n<h2 class=\"wp-block-heading\">Conclusion<\/h2>\n\n\n\n<p>La mise en place de SEPA 2.0 est plus proche qu\u2019on ne le pense et implique des actions concr\u00e8tes pour toute organisation effectuant des paiements transfrontaliers. En structurant vos adresses et en adaptant vos syst\u00e8mes \u00e0 la norme ISO 20022, vous \u00e9viterez les erreurs, gagnerez du temps et respecterez les nouvelles r\u00e8gles europ\u00e9ennes. L\u2019impact est important, mais les b\u00e9n\u00e9fices le sont tout autant : paiements plus rapides, meilleures donn\u00e9es et meilleur contr\u00f4le des transactions internationales. En commen\u00e7ant d\u00e8s maintenant, vous aurez tout le temps de mettre en \u0153uvre les changements et d\u2019ajuster le processus pour \u00eatre pr\u00eat en novembre 2025 lorsque SEPA 2.0 entrera en vigueur.<\/p>\n\n\n\n<p>Lisez aussi : <a href=\"https:\/\/www.altares.be\/fr\/blog\/credit-risk-management\/le-delai-de-paiement-de-30-jours-devient-la-norme-dans-l-ue-quelles-sont-les-implications-pour-vous\/\">Le d\u00e9lai de paiement de 30 jours devient la norme dans l\u2019UE. Quelles sont les implications pour vous ?<\/a><\/p>\n\n\n\n<p><\/p>","protected":false},"excerpt":{"rendered":"<p>SEPA 2.0 arrive bient\u00f4t et va changer la fa\u00e7on dont votre organisation traite les paiements internationaux. \u00cates-vous pr\u00eat \u00e0 \u00e9viter erreurs, retards et probl\u00e8mes de conformit\u00e9 ? D\u00e9couvrez dans ce blog ce que signifie la nouvelle norme europ\u00e9enne pour les adresses, pourquoi des donn\u00e9es structur\u00e9es sont essentielles, et comment pr\u00e9parer intelligemment vos syst\u00e8mes pour novembre 2025. Agissez d\u00e8s maintenant et profitez plus tard de paiements plus rapides et plus s\u00e9curis\u00e9s.<\/p>","protected":false},"author":8,"featured_media":51005,"comment_status":"closed","ping_status":"closed","sticky":false,"template":"","format":"standard","meta":{"_acf_changed":false,"inline_featured_image":false,"footnotes":""},"categories":[17],"tags":[],"class_list":["post-51004","post","type-post","status-publish","format-standard","has-post-thumbnail","hentry","category-compliance"],"acf":[],"yoast_head":"<!-- This site is optimized with the Yoast SEO plugin v27.3 - https:\/\/yoast.com\/product\/yoast-seo-wordpress\/ -->\n<title>SEPA 2.0 komt eraan: ben jij klaar voor de nieuwe Europese standaard? - Altares<\/title>\n<meta name=\"description\" content=\"SEPA 2.0 komt eraan: zo zorg je dat je adresdata voldoet aan de nieuwe Europese standaard voor internationale betalingen.\" \/>\n<meta name=\"robots\" content=\"index, follow, max-snippet:-1, max-image-preview:large, max-video-preview:-1\" \/>\n<link rel=\"canonical\" href=\"https:\/\/www.altares.be\/fr\/blog\/compliance\/sepa-2-0-arrive-etes-vous-pret-pour-la-nouvelle-norme-europeenne\/\" \/>\n<meta property=\"og:locale\" content=\"fr_FR\" \/>\n<meta property=\"og:type\" content=\"article\" \/>\n<meta property=\"og:title\" content=\"SEPA 2.0 komt eraan: ben jij klaar voor de nieuwe Europese standaard? - Altares\" \/>\n<meta property=\"og:description\" content=\"SEPA 2.0 komt eraan: zo zorg je dat je adresdata voldoet aan de nieuwe Europese standaard voor internationale betalingen.\" \/>\n<meta property=\"og:url\" content=\"https:\/\/www.altares.be\/fr\/blog\/compliance\/sepa-2-0-arrive-etes-vous-pret-pour-la-nouvelle-norme-europeenne\/\" \/>\n<meta property=\"og:site_name\" content=\"Altares\" \/>\n<meta property=\"article:published_time\" content=\"2025-05-22T13:18:14+00:00\" \/>\n<meta property=\"article:modified_time\" content=\"2025-05-22T13:59:05+00:00\" \/>\n<meta property=\"og:image\" content=\"https:\/\/www.altares.be\/wp-content\/uploads\/2025\/05\/Paper-plane-scaled.webp\" \/>\n\t<meta property=\"og:image:width\" content=\"2560\" \/>\n\t<meta property=\"og:image:height\" content=\"1447\" \/>\n\t<meta property=\"og:image:type\" content=\"image\/webp\" \/>\n<meta name=\"author\" content=\"Henrica Westhoeve\" \/>\n<meta name=\"twitter:card\" content=\"summary_large_image\" \/>\n<meta name=\"twitter:label1\" content=\"\u00c9crit par\" \/>\n\t<meta name=\"twitter:data1\" content=\"Henrica Westhoeve\" \/>\n\t<meta name=\"twitter:label2\" content=\"Dur\u00e9e de lecture est.\" \/>\n\t<meta name=\"twitter:data2\" content=\"4 minutes\" \/>\n<script type=\"application\/ld+json\" class=\"yoast-schema-graph\">{\"@context\":\"https:\\\/\\\/schema.org\",\"@graph\":[{\"@type\":\"Article\",\"@id\":\"https:\\\/\\\/www.altares.be\\\/blog\\\/compliance\\\/sepa-2-0-komt-eraan-ben-jij-klaar-voor-nieuwe-europese-standaard\\\/#article\",\"isPartOf\":{\"@id\":\"https:\\\/\\\/www.altares.be\\\/blog\\\/compliance\\\/sepa-2-0-komt-eraan-ben-jij-klaar-voor-nieuwe-europese-standaard\\\/\"},\"author\":{\"name\":\"Henrica Westhoeve\",\"@id\":\"https:\\\/\\\/www.altares.be\\\/#\\\/schema\\\/person\\\/3c4ef1183f1d86e6d89e6ff59ccc317a\"},\"headline\":\"SEPA 2.0 komt eraan: ben jij klaar voor de nieuwe Europese standaard?\",\"datePublished\":\"2025-05-22T13:18:14+00:00\",\"dateModified\":\"2025-05-22T13:59:05+00:00\",\"mainEntityOfPage\":{\"@id\":\"https:\\\/\\\/www.altares.be\\\/blog\\\/compliance\\\/sepa-2-0-komt-eraan-ben-jij-klaar-voor-nieuwe-europese-standaard\\\/\"},\"wordCount\":579,\"publisher\":{\"@id\":\"https:\\\/\\\/www.altares.be\\\/#organization\"},\"image\":{\"@id\":\"https:\\\/\\\/www.altares.be\\\/blog\\\/compliance\\\/sepa-2-0-komt-eraan-ben-jij-klaar-voor-nieuwe-europese-standaard\\\/#primaryimage\"},\"thumbnailUrl\":\"https:\\\/\\\/www.altares.be\\\/wp-content\\\/uploads\\\/2025\\\/05\\\/Paper-plane-scaled.webp\",\"articleSection\":[\"Compliance\"],\"inLanguage\":\"fr-BE\"},{\"@type\":\"WebPage\",\"@id\":\"https:\\\/\\\/www.altares.be\\\/blog\\\/compliance\\\/sepa-2-0-komt-eraan-ben-jij-klaar-voor-nieuwe-europese-standaard\\\/\",\"url\":\"https:\\\/\\\/www.altares.be\\\/blog\\\/compliance\\\/sepa-2-0-komt-eraan-ben-jij-klaar-voor-nieuwe-europese-standaard\\\/\",\"name\":\"SEPA 2.0 komt eraan: ben jij klaar voor de nieuwe Europese standaard? - Altares\",\"isPartOf\":{\"@id\":\"https:\\\/\\\/www.altares.be\\\/#website\"},\"primaryImageOfPage\":{\"@id\":\"https:\\\/\\\/www.altares.be\\\/blog\\\/compliance\\\/sepa-2-0-komt-eraan-ben-jij-klaar-voor-nieuwe-europese-standaard\\\/#primaryimage\"},\"image\":{\"@id\":\"https:\\\/\\\/www.altares.be\\\/blog\\\/compliance\\\/sepa-2-0-komt-eraan-ben-jij-klaar-voor-nieuwe-europese-standaard\\\/#primaryimage\"},\"thumbnailUrl\":\"https:\\\/\\\/www.altares.be\\\/wp-content\\\/uploads\\\/2025\\\/05\\\/Paper-plane-scaled.webp\",\"datePublished\":\"2025-05-22T13:18:14+00:00\",\"dateModified\":\"2025-05-22T13:59:05+00:00\",\"description\":\"SEPA 2.0 komt eraan: zo zorg je dat je adresdata voldoet aan de nieuwe Europese standaard voor internationale betalingen.\",\"breadcrumb\":{\"@id\":\"https:\\\/\\\/www.altares.be\\\/blog\\\/compliance\\\/sepa-2-0-komt-eraan-ben-jij-klaar-voor-nieuwe-europese-standaard\\\/#breadcrumb\"},\"inLanguage\":\"fr-BE\",\"potentialAction\":[{\"@type\":\"ReadAction\",\"target\":[\"https:\\\/\\\/www.altares.be\\\/blog\\\/compliance\\\/sepa-2-0-komt-eraan-ben-jij-klaar-voor-nieuwe-europese-standaard\\\/\"]}]},{\"@type\":\"ImageObject\",\"inLanguage\":\"fr-BE\",\"@id\":\"https:\\\/\\\/www.altares.be\\\/blog\\\/compliance\\\/sepa-2-0-komt-eraan-ben-jij-klaar-voor-nieuwe-europese-standaard\\\/#primaryimage\",\"url\":\"https:\\\/\\\/www.altares.be\\\/wp-content\\\/uploads\\\/2025\\\/05\\\/Paper-plane-scaled.webp\",\"contentUrl\":\"https:\\\/\\\/www.altares.be\\\/wp-content\\\/uploads\\\/2025\\\/05\\\/Paper-plane-scaled.webp\",\"width\":2560,\"height\":1447,\"caption\":\"paper plane\"},{\"@type\":\"BreadcrumbList\",\"@id\":\"https:\\\/\\\/www.altares.be\\\/blog\\\/compliance\\\/sepa-2-0-komt-eraan-ben-jij-klaar-voor-nieuwe-europese-standaard\\\/#breadcrumb\",\"itemListElement\":[{\"@type\":\"ListItem\",\"position\":1,\"name\":\"Home\",\"item\":\"https:\\\/\\\/www.altares.be\\\/\"},{\"@type\":\"ListItem\",\"position\":2,\"name\":\"SEPA 2.0 komt eraan: ben jij klaar voor de nieuwe Europese standaard?\"}]},{\"@type\":\"WebSite\",\"@id\":\"https:\\\/\\\/www.altares.be\\\/#website\",\"url\":\"https:\\\/\\\/www.altares.be\\\/\",\"name\":\"Altares\",\"description\":\"part of the Dun &amp; Bradstreet worldwide network\",\"publisher\":{\"@id\":\"https:\\\/\\\/www.altares.be\\\/#organization\"},\"potentialAction\":[{\"@type\":\"SearchAction\",\"target\":{\"@type\":\"EntryPoint\",\"urlTemplate\":\"https:\\\/\\\/www.altares.be\\\/?s={search_term_string}\"},\"query-input\":{\"@type\":\"PropertyValueSpecification\",\"valueRequired\":true,\"valueName\":\"search_term_string\"}}],\"inLanguage\":\"fr-BE\"},{\"@type\":\"Organization\",\"@id\":\"https:\\\/\\\/www.altares.be\\\/#organization\",\"name\":\"Altares\",\"url\":\"https:\\\/\\\/www.altares.be\\\/\",\"logo\":{\"@type\":\"ImageObject\",\"inLanguage\":\"fr-BE\",\"@id\":\"https:\\\/\\\/www.altares.be\\\/#\\\/schema\\\/logo\\\/image\\\/\",\"url\":\"https:\\\/\\\/www.altares.be\\\/wp-content\\\/uploads\\\/2021\\\/03\\\/Altares_RGB_liggend.svg\",\"contentUrl\":\"https:\\\/\\\/www.altares.be\\\/wp-content\\\/uploads\\\/2021\\\/03\\\/Altares_RGB_liggend.svg\",\"width\":145.57333,\"height\":20.52,\"caption\":\"Altares\"},\"image\":{\"@id\":\"https:\\\/\\\/www.altares.be\\\/#\\\/schema\\\/logo\\\/image\\\/\"}},{\"@type\":\"Person\",\"@id\":\"https:\\\/\\\/www.altares.be\\\/#\\\/schema\\\/person\\\/3c4ef1183f1d86e6d89e6ff59ccc317a\",\"name\":\"Henrica Westhoeve\",\"image\":{\"@type\":\"ImageObject\",\"inLanguage\":\"fr-BE\",\"@id\":\"https:\\\/\\\/secure.gravatar.com\\\/avatar\\\/11644803bab06ea4958c4e58de449d933fda93285bcedeeac8f778e30352e72c?s=96&d=mm&r=g\",\"url\":\"https:\\\/\\\/secure.gravatar.com\\\/avatar\\\/11644803bab06ea4958c4e58de449d933fda93285bcedeeac8f778e30352e72c?s=96&d=mm&r=g\",\"contentUrl\":\"https:\\\/\\\/secure.gravatar.com\\\/avatar\\\/11644803bab06ea4958c4e58de449d933fda93285bcedeeac8f778e30352e72c?s=96&d=mm&r=g\",\"caption\":\"Henrica Westhoeve\"}}]}<\/script>\n<!-- \/ Yoast SEO plugin. -->","yoast_head_json":{"title":"SEPA 2.0 arrive : \u00eates-vous pr\u00eat pour la nouvelle norme europ\u00e9enne ? - Altares","description":"SEPA 2.0 arrive : voici comment garantir que vos donn\u00e9es d\u2019adresse respectent la nouvelle norme europ\u00e9enne pour les paiements internationaux.","robots":{"index":"index","follow":"follow","max-snippet":"max-snippet:-1","max-image-preview":"max-image-preview:large","max-video-preview":"max-video-preview:-1"},"canonical":"https:\/\/www.altares.be\/fr\/blog\/compliance\/sepa-2-0-arrive-etes-vous-pret-pour-la-nouvelle-norme-europeenne\/","og_locale":"fr_FR","og_type":"article","og_title":"SEPA 2.0 komt eraan: ben jij klaar voor de nieuwe Europese standaard? - Altares","og_description":"SEPA 2.0 komt eraan: zo zorg je dat je adresdata voldoet aan de nieuwe Europese standaard voor internationale betalingen.","og_url":"https:\/\/www.altares.be\/fr\/blog\/compliance\/sepa-2-0-arrive-etes-vous-pret-pour-la-nouvelle-norme-europeenne\/","og_site_name":"Altares","article_published_time":"2025-05-22T13:18:14+00:00","article_modified_time":"2025-05-22T13:59:05+00:00","og_image":[{"width":2560,"height":1447,"url":"https:\/\/www.altares.be\/wp-content\/uploads\/2025\/05\/Paper-plane-scaled.webp","type":"image\/webp"}],"author":"Henrica Westhoeve","twitter_card":"summary_large_image","twitter_misc":{"\u00c9crit par":"Henrica Westhoeve","Dur\u00e9e de lecture est.":"4 minutes"},"schema":{"@context":"https:\/\/schema.org","@graph":[{"@type":"Article","@id":"https:\/\/www.altares.be\/blog\/compliance\/sepa-2-0-komt-eraan-ben-jij-klaar-voor-nieuwe-europese-standaard\/#article","isPartOf":{"@id":"https:\/\/www.altares.be\/blog\/compliance\/sepa-2-0-komt-eraan-ben-jij-klaar-voor-nieuwe-europese-standaard\/"},"author":{"name":"Henrica Westhoeve","@id":"https:\/\/www.altares.be\/#\/schema\/person\/3c4ef1183f1d86e6d89e6ff59ccc317a"},"headline":"SEPA 2.0 komt eraan: ben jij klaar voor de nieuwe Europese standaard?","datePublished":"2025-05-22T13:18:14+00:00","dateModified":"2025-05-22T13:59:05+00:00","mainEntityOfPage":{"@id":"https:\/\/www.altares.be\/blog\/compliance\/sepa-2-0-komt-eraan-ben-jij-klaar-voor-nieuwe-europese-standaard\/"},"wordCount":579,"publisher":{"@id":"https:\/\/www.altares.be\/#organization"},"image":{"@id":"https:\/\/www.altares.be\/blog\/compliance\/sepa-2-0-komt-eraan-ben-jij-klaar-voor-nieuwe-europese-standaard\/#primaryimage"},"thumbnailUrl":"https:\/\/www.altares.be\/wp-content\/uploads\/2025\/05\/Paper-plane-scaled.webp","articleSection":["Compliance"],"inLanguage":"fr-BE"},{"@type":"WebPage","@id":"https:\/\/www.altares.be\/blog\/compliance\/sepa-2-0-komt-eraan-ben-jij-klaar-voor-nieuwe-europese-standaard\/","url":"https:\/\/www.altares.be\/blog\/compliance\/sepa-2-0-komt-eraan-ben-jij-klaar-voor-nieuwe-europese-standaard\/","name":"SEPA 2.0 arrive : \u00eates-vous pr\u00eat pour la nouvelle norme europ\u00e9enne ? - Altares","isPartOf":{"@id":"https:\/\/www.altares.be\/#website"},"primaryImageOfPage":{"@id":"https:\/\/www.altares.be\/blog\/compliance\/sepa-2-0-komt-eraan-ben-jij-klaar-voor-nieuwe-europese-standaard\/#primaryimage"},"image":{"@id":"https:\/\/www.altares.be\/blog\/compliance\/sepa-2-0-komt-eraan-ben-jij-klaar-voor-nieuwe-europese-standaard\/#primaryimage"},"thumbnailUrl":"https:\/\/www.altares.be\/wp-content\/uploads\/2025\/05\/Paper-plane-scaled.webp","datePublished":"2025-05-22T13:18:14+00:00","dateModified":"2025-05-22T13:59:05+00:00","description":"SEPA 2.0 arrive : voici comment garantir que vos donn\u00e9es d\u2019adresse respectent la nouvelle norme europ\u00e9enne pour les paiements internationaux.","breadcrumb":{"@id":"https:\/\/www.altares.be\/blog\/compliance\/sepa-2-0-komt-eraan-ben-jij-klaar-voor-nieuwe-europese-standaard\/#breadcrumb"},"inLanguage":"fr-BE","potentialAction":[{"@type":"ReadAction","target":["https:\/\/www.altares.be\/blog\/compliance\/sepa-2-0-komt-eraan-ben-jij-klaar-voor-nieuwe-europese-standaard\/"]}]},{"@type":"ImageObject","inLanguage":"fr-BE","@id":"https:\/\/www.altares.be\/blog\/compliance\/sepa-2-0-komt-eraan-ben-jij-klaar-voor-nieuwe-europese-standaard\/#primaryimage","url":"https:\/\/www.altares.be\/wp-content\/uploads\/2025\/05\/Paper-plane-scaled.webp","contentUrl":"https:\/\/www.altares.be\/wp-content\/uploads\/2025\/05\/Paper-plane-scaled.webp","width":2560,"height":1447,"caption":"paper plane"},{"@type":"BreadcrumbList","@id":"https:\/\/www.altares.be\/blog\/compliance\/sepa-2-0-komt-eraan-ben-jij-klaar-voor-nieuwe-europese-standaard\/#breadcrumb","itemListElement":[{"@type":"ListItem","position":1,"name":"Home","item":"https:\/\/www.altares.be\/"},{"@type":"ListItem","position":2,"name":"SEPA 2.0 komt eraan: ben jij klaar voor de nieuwe Europese standaard?"}]},{"@type":"WebSite","@id":"https:\/\/www.altares.be\/#website","url":"https:\/\/www.altares.be\/","name":"Altares","description":"partenaire du r\u00e9seau mondial de Dun\u00a0&amp;\u00a0Bradstreet","publisher":{"@id":"https:\/\/www.altares.be\/#organization"},"potentialAction":[{"@type":"SearchAction","target":{"@type":"EntryPoint","urlTemplate":"https:\/\/www.altares.be\/?s={search_term_string}"},"query-input":{"@type":"PropertyValueSpecification","valueRequired":true,"valueName":"search_term_string"}}],"inLanguage":"fr-BE"},{"@type":"Organization","@id":"https:\/\/www.altares.be\/#organization","name":"Altares","url":"https:\/\/www.altares.be\/","logo":{"@type":"ImageObject","inLanguage":"fr-BE","@id":"https:\/\/www.altares.be\/#\/schema\/logo\/image\/","url":"https:\/\/www.altares.be\/wp-content\/uploads\/2021\/03\/Altares_RGB_liggend.svg","contentUrl":"https:\/\/www.altares.be\/wp-content\/uploads\/2021\/03\/Altares_RGB_liggend.svg","width":145.57333,"height":20.52,"caption":"Altares"},"image":{"@id":"https:\/\/www.altares.be\/#\/schema\/logo\/image\/"}},{"@type":"Person","@id":"https:\/\/www.altares.be\/#\/schema\/person\/3c4ef1183f1d86e6d89e6ff59ccc317a","name":"Henrica Westhoeve","image":{"@type":"ImageObject","inLanguage":"fr-BE","@id":"https:\/\/secure.gravatar.com\/avatar\/11644803bab06ea4958c4e58de449d933fda93285bcedeeac8f778e30352e72c?s=96&d=mm&r=g","url":"https:\/\/secure.gravatar.com\/avatar\/11644803bab06ea4958c4e58de449d933fda93285bcedeeac8f778e30352e72c?s=96&d=mm&r=g","contentUrl":"https:\/\/secure.gravatar.com\/avatar\/11644803bab06ea4958c4e58de449d933fda93285bcedeeac8f778e30352e72c?s=96&d=mm&r=g","caption":"Henrica Westhoeve"}}]}},"_links":{"self":[{"href":"https:\/\/www.altares.be\/fr\/wp-json\/wp\/v2\/posts\/51004","targetHints":{"allow":["GET"]}}],"collection":[{"href":"https:\/\/www.altares.be\/fr\/wp-json\/wp\/v2\/posts"}],"about":[{"href":"https:\/\/www.altares.be\/fr\/wp-json\/wp\/v2\/types\/post"}],"author":[{"embeddable":true,"href":"https:\/\/www.altares.be\/fr\/wp-json\/wp\/v2\/users\/8"}],"replies":[{"embeddable":true,"href":"https:\/\/www.altares.be\/fr\/wp-json\/wp\/v2\/comments?post=51004"}],"version-history":[{"count":0,"href":"https:\/\/www.altares.be\/fr\/wp-json\/wp\/v2\/posts\/51004\/revisions"}],"wp:featuredmedia":[{"embeddable":true,"href":"https:\/\/www.altares.be\/fr\/wp-json\/wp\/v2\/media\/51005"}],"wp:attachment":[{"href":"https:\/\/www.altares.be\/fr\/wp-json\/wp\/v2\/media?parent=51004"}],"wp:term":[{"taxonomy":"category","embeddable":true,"href":"https:\/\/www.altares.be\/fr\/wp-json\/wp\/v2\/categories?post=51004"},{"taxonomy":"post_tag","embeddable":true,"href":"https:\/\/www.altares.be\/fr\/wp-json\/wp\/v2\/tags?post=51004"}],"curies":[{"name":"wp","href":"https:\/\/api.w.org\/{rel}","templated":true}]}}