{"id":51335,"date":"2025-07-15T12:56:52","date_gmt":"2025-07-15T10:56:52","guid":{"rendered":"https:\/\/www.altares.be\/?p=51335"},"modified":"2025-07-15T13:01:36","modified_gmt":"2025-07-15T11:01:36","slug":"a-quel-moment-faut-il-envisager-une-strategie-de-gestion-des-donnees-de-reference","status":"publish","type":"post","link":"https:\/\/www.altares.be\/fr\/blog\/master-data-management\/wanneer-ben-je-klaar-voor-een-master-data-management-strategie\/","title":{"rendered":"\u00c0 quel moment faut-il envisager une strat\u00e9gie de gestion des donn\u00e9es de r\u00e9f\u00e9rence ?"},"content":{"rendered":"<p>Chez Altares, nous \u00e9changeons fr\u00e9quemment avec des entreprises d\u00e9sireuses de se lancer dans la gestion des donn\u00e9es, mais qui se demandent encore comment s\u2019y prendre et \u00e0 quel moment elles en verront les b\u00e9n\u00e9fices. Il n\u2019existe pas de seuil pr\u00e9cis indiquant quand une organisation peut tirer profit d\u2019une strat\u00e9gie de gestion des donn\u00e9es de r\u00e9f\u00e9rence (Master Data Management \u2013 MDM), mais certains crit\u00e8res permettent d\u2019en \u00e9valuer la pertinence.<\/p>\n\n\n\n<figure class=\"wp-block-image size-full\"><img fetchpriority=\"high\" decoding=\"async\" width=\"900\" height=\"600\" src=\"https:\/\/www.altares.be\/wp-content\/uploads\/2025\/07\/Master-Data-Management-downscaled-_1_.webp\" alt=\"visualisation de donn\u00e9es\" class=\"wp-image-51338\" srcset=\"https:\/\/www.altares.be\/wp-content\/uploads\/2025\/07\/Master-Data-Management-downscaled-_1_.webp 900w, https:\/\/www.altares.be\/wp-content\/uploads\/2025\/07\/Master-Data-Management-downscaled-_1_-300x200.webp 300w, https:\/\/www.altares.be\/wp-content\/uploads\/2025\/07\/Master-Data-Management-downscaled-_1_-150x100.webp 150w, https:\/\/www.altares.be\/wp-content\/uploads\/2025\/07\/Master-Data-Management-downscaled-_1_-768x512.webp 768w, https:\/\/www.altares.be\/wp-content\/uploads\/2025\/07\/Master-Data-Management-downscaled-_1_-18x12.webp 18w, https:\/\/www.altares.be\/wp-content\/uploads\/2025\/07\/Master-Data-Management-downscaled-_1_-24x16.webp 24w, https:\/\/www.altares.be\/wp-content\/uploads\/2025\/07\/Master-Data-Management-downscaled-_1_-36x24.webp 36w, https:\/\/www.altares.be\/wp-content\/uploads\/2025\/07\/Master-Data-Management-downscaled-_1_-48x32.webp 48w\" sizes=\"(max-width: 900px) 100vw, 900px\" \/><\/figure>\n\n\n\n<h2 class=\"wp-block-heading\">Les signes indiquant qu\u2019il est temps d\u2019adopter une strat\u00e9gie MDM<\/h2>\n\n\n\n<h3 class=\"wp-block-heading\">Vous travaillez avec plusieurs syst\u00e8mes et sources de donn\u00e9es<\/h3>\n\n\n\n<ul class=\"wp-block-list\">\n<li>Par exemple : syst\u00e8mes distincts pour CRM, ERP, e-commerce, finance, RH.<\/li>\n\n\n\n<li>Les donn\u00e9es relatives aux clients, aux produits ou aux fournisseurs sont enregistr\u00e9es \u00e0 diff\u00e9rents emplacements \u2192 risque d\u2019incoh\u00e9rence.<\/li>\n<\/ul>\n\n\n\n<p><strong>Signe : <\/strong>Vous remarquez des doublons d\u2019enregistrements de clients ou de produits, ou les rapports diff\u00e8rent selon le syst\u00e8me.<\/p>\n\n\n\n<h3 class=\"wp-block-heading\">Les donn\u00e9es sont essentielles \u00e0 votre processus commercial ou \u00e0 l\u2019exp\u00e9rience client<\/h3>\n\n\n\n<p>Exemples :<\/p>\n\n\n\n<ul class=\"wp-block-list\">\n<li>Le service client\u00e8le doit rapidement disposer des informations exactes sur le client.<\/li>\n\n\n\n<li>Des donn\u00e9es produits incorrectes entra\u00eenent des retours ou des malentendus.<\/li>\n\n\n\n<li>Le service financier se voit infliger des amendes ou subit des retards en raison de donn\u00e9es relatives aux fournisseurs erron\u00e9es.<\/li>\n<\/ul>\n\n\n\n<p><strong>Signe :<\/strong> Les erreurs de donn\u00e9es entra\u00eenent des probl\u00e8mes op\u00e9rationnels ou financiers.<\/p>\n\n\n\n<h3 class=\"wp-block-heading\">Vous nourrissez d\u2019importantes ambitions de croissance<\/h3>\n\n\n\n<ul class=\"wp-block-list\">\n<li>Fusions, acquisitions, expansion internationale, nouvelles unit\u00e9s op\u00e9rationnelles, etc.<\/li>\n\n\n\n<li>Plus de syst\u00e8mes, de march\u00e9s et de personnes \u2192 plus de risques de confusion des donn\u00e9es.<\/li>\n<\/ul>\n\n\n\n<p><strong>Signe :<\/strong> Votre structure de donn\u00e9es peine \u00e0 suivre le rythme de votre croissance.<\/p>\n\n\n\n<h3 class=\"wp-block-heading\">Vous souhaitez informatiser ou automatiser certains \u00e9l\u00e9ments<\/h3>\n\n\n\n<p>Pensez aux portails en libre-service, \u00e0 l\u2019IA, aux rapports, \u00e0 l\u2019automatisation des processus. <\/p>\n\n\n\n<p><strong>Signe : <\/strong>Vos innovations sont frein\u00e9es par des donn\u00e9es erron\u00e9es ou incoh\u00e9rentes.<\/p>\n\n\n\n<p><strong>Lisez aussi :<\/strong> <a href=\"https:\/\/www.altares.be\/fr\/blog\/master-data-management\/l-ia-fait-rever-les-donnees-font-gagner\/\">L\u2019IA fait r\u00eaver, les donn\u00e9es font gagner<\/a><\/p>\n\n\n\n<h2 class=\"wp-block-heading\">Plan par \u00e9tapes pour le MDM<\/h2>\n\n\n\n<p>Vous reconnaissez ces signes et vous souhaitez mettre en place une strat\u00e9gie MDM ? Voici un plan \u00e9tape par \u00e9tape pour \u00e9tablir une bonne strat\u00e9gie :<\/p>\n\n\n\n<h3 class=\"wp-block-heading\">\u00c9tape 1 : d\u00e9finissez les objectifs<\/h3>\n\n\n\n<ul class=\"wp-block-list\">\n<li>Pourquoi avez-vous besoin de MDM ? Quels signes reconnaissez-vous ?<\/li>\n\n\n\n<li>Quels probl\u00e8mes voulez-vous r\u00e9soudre ? Par exemple, doublons d\u2019enregistrements de clients, donn\u00e9es produits incorrectes, incoh\u00e9rences entre les syst\u00e8mes, etc.<\/li>\n<\/ul>\n\n\n\n<h3 class=\"wp-block-heading\">\u00c9tape 2 : identifiez les principaux \u00e9l\u00e9ments de donn\u00e9es<\/h3>\n\n\n\n<p>Exemples :<\/p>\n\n\n\n<ul class=\"wp-block-list\">\n<li>Donn\u00e9es clients<\/li>\n\n\n\n<li>Donn\u00e9es produits<\/li>\n\n\n\n<li>Donn\u00e9es relatives aux fournisseurs<\/li>\n\n\n\n<li>Donn\u00e9es relatives aux collaborateurs<\/li>\n<\/ul>\n\n\n\n<p>D\u00e9marrez en douceur avec un domaine \u00e0 la fois strat\u00e9gique et simple \u00e0 g\u00e9rer, puis d\u00e9veloppez votre approche \u00e9tape par \u00e9tape.<\/p>\n\n\n\n<h3 class=\"wp-block-heading\">\u00c9tape 3 : impliquez les parties prenantes et cr\u00e9ez une gouvernance<\/h3>\n\n\n\n<ul class=\"wp-block-list\">\n<li>Le MDM n\u00e9cessite une collaboration entre le service IT, le business, les propri\u00e9taires de donn\u00e9es et la compliance.<\/li>\n\n\n\n<li>Constituez une \u00e9quipe de donn\u00e9es avec les diff\u00e9rentes disciplines.<\/li>\n\n\n\n<li>D\u00e9signez des propri\u00e9taires et des gestionnaires de donn\u00e9es pour clarifier les r\u00f4les et responsabilit\u00e9s.<\/li>\n<\/ul>\n\n\n\n<h3 class=\"wp-block-heading\">\u00c9tape 4 : analysez la situation actuelle (as-is)<\/h3>\n\n\n\n<ul class=\"wp-block-list\">\n<li>Quels syst\u00e8mes contiennent des donn\u00e9es de r\u00e9f\u00e9rence ?<\/li>\n\n\n\n<li>O\u00f9 se trouvent les probl\u00e8mes (incoh\u00e9rences, doublons, donn\u00e9es obsol\u00e8tes) ?<\/li>\n\n\n\n<li>Comment les donn\u00e9es sont-elles g\u00e9r\u00e9es et partag\u00e9es \u00e0 l\u2019heure actuelle ?<\/li>\n<\/ul>\n\n\n\n<p><strong>Lisez aussi :<\/strong> <a href=\"https:\/\/www.altares.be\/fr\/blog\/master-data-management\/du-bruit-a-la-sagesse-comment-les-donnees-eclairent-les-decisions\/\">Du bruit \u00e0 la sagesse : comment les donn\u00e9es \u00e9clairent les d\u00e9cisions<\/a><\/p>\n\n\n\n<h3 class=\"wp-block-heading\">\u00c9tape 5 : d\u00e9finissez la situation future (to-be)<\/h3>\n\n\n\n<ul class=\"wp-block-list\">\n<li>Quelles normes de donn\u00e9es, quels formats et quelles r\u00e8gles souhaitez-vous appliquer ?<\/li>\n\n\n\n<li>O\u00f9 et comment la \u00ab Single Source of Truth \u00bb est-elle enregistr\u00e9e ?<\/li>\n\n\n\n<li>Comment les donn\u00e9es sont-elles synchronis\u00e9es avec d\u2019autres syst\u00e8mes ?<\/li>\n<\/ul>\n\n\n\n<h3 class=\"wp-block-heading\">\u00c9tape 6 : choisissez la bonne solution\/technologie MDM<\/h3>\n\n\n\n<p>Envisagez des facteurs tels que :<\/p>\n\n\n\n<ul class=\"wp-block-list\">\n<li>Cloud ou sur site ?<\/li>\n\n\n\n<li>Possibilit\u00e9s d\u2019int\u00e9gration avec les syst\u00e8mes existants (ERP, CRM, etc.).<\/li>\n\n\n\n<li>Outils de workflow et de qualit\u00e9 des donn\u00e9es.<\/li>\n<\/ul>\n\n\n\n<h3 class=\"wp-block-heading\">\u00c9tape 7 : d\u00e9veloppez un plan d\u2019ex\u00e9cution<\/h3>\n\n\n\n<ul class=\"wp-block-list\">\n<li>Commencez \u00e0 petite \u00e9chelle avec un projet pilote ou une preuve de concept.<\/li>\n\n\n\n<li>D\u00e9ployez le plan de mani\u00e8re it\u00e9rative (par exemple, par domaine de donn\u00e9es ou par d\u00e9partement).<\/li>\n\n\n\n<li>D\u00e9finissez des KPI (tels que le pourcentage de qualit\u00e9 des donn\u00e9es, le nombre de doublons, etc.)<\/li>\n<\/ul>\n\n\n\n<h3 class=\"wp-block-heading\">\u00c9tape 8 : orientez les normes et la qualit\u00e9 des donn\u00e9es<\/h3>\n\n\n\n<ul class=\"wp-block-list\">\n<li>D\u00e9veloppez des r\u00e8gles de validation, des processus de correspondance\/fusion, une m\u00e9thode de travail uniforme.<\/li>\n\n\n\n<li>Appuyez-vous sur des outils sp\u00e9cialis\u00e9s pour garantir la qualit\u00e9 de vos donn\u00e9es.<\/li>\n\n\n\n<li>Proposez une formation aux utilisateurs pour encourager une saisie correcte des donn\u00e9es et leur faire prendre conscience des avantages qui en d\u00e9coulent.<\/li>\n<\/ul>\n\n\n\n<h3 class=\"wp-block-heading\">\u00c9tape 9 : garantissez la surveillance et l\u2019optimisation<\/h3>\n\n\n\n<ul class=\"wp-block-list\">\n<li>Mettez en place des proc\u00e9dures pour suivre les processus et maintenir la qualit\u00e9 des donn\u00e9es.<\/li>\n\n\n\n<li>\u00c9valuez r\u00e9guli\u00e8rement la gouvernance, les politiques et la technologie.<\/li>\n<\/ul>\n\n\n\n<h2 class=\"wp-block-heading\">Conclusion<\/h2>\n\n\n\n<p>Une strat\u00e9gie de gestion des donn\u00e9es de r\u00e9f\u00e9rence ne constitue pas une fin en soi, mais elle s\u2019impose d\u00e8s que les donn\u00e9es se dispersent, que les erreurs se multiplient ou que la croissance et l\u2019informatisation s\u2019acc\u00e9l\u00e8rent. Vous reconnaissez les signes ? Alors, ne perdez pas de temps et mettez en place une strat\u00e9gie. Ma\u00eetriser vos donn\u00e9es, c\u2019est ma\u00eetriser votre entreprise. Cette feuille de route vous aide \u00e0 y parvenir, \u00e9tape par \u00e9tape.<\/p>","protected":false},"excerpt":{"rendered":"<p>Quand votre organisation est-elle pr\u00eate pour une strat\u00e9gie de gestion des donn\u00e9es de r\u00e9f\u00e9rence (Master Data Management) ? Dans cet article de blog, vous d\u00e9couvrirez les signes \u00e0 rep\u00e9rer, comme des donn\u00e9es fragment\u00e9es, des probl\u00e8mes li\u00e9s aux donn\u00e9es ou des projets de croissance, et comment mettre en place une strat\u00e9gie MDM en 9 \u00e9tapes claires. De la d\u00e9finition des objectifs \u00e0 la garantie de la qualit\u00e9 des donn\u00e9es, cette feuille de route vous aide \u00e0 reprendre le contr\u00f4le sur vos donn\u00e9es et \u00e0 vous pr\u00e9parer \u00e0 une croissance et une informatisation accrues.<\/p>","protected":false},"author":2,"featured_media":51338,"comment_status":"closed","ping_status":"closed","sticky":false,"template":"","format":"standard","meta":{"_acf_changed":false,"inline_featured_image":false,"footnotes":""},"categories":[19],"tags":[],"class_list":["post-51335","post","type-post","status-publish","format-standard","has-post-thumbnail","hentry","category-master-data-management"],"acf":[],"yoast_head":"<!-- This site is optimized with the Yoast SEO plugin v27.3 - https:\/\/yoast.com\/product\/yoast-seo-wordpress\/ -->\n<title>Wanneer ben je &quot;klaar&quot; voor een master data management strategie? - Altares<\/title>\n<meta name=\"description\" content=\"Ontdek de signalen dat je organisatie klaar is voor een master data management strategie en volg het stappenplan voor succesvolle implementatie.\" \/>\n<meta name=\"robots\" content=\"index, follow, max-snippet:-1, max-image-preview:large, max-video-preview:-1\" \/>\n<link rel=\"canonical\" href=\"https:\/\/www.altares.be\/fr\/blog\/master-data-management\/a-quel-moment-faut-il-envisager-une-strategie-de-gestion-des-donnees-de-reference\/\" \/>\n<meta property=\"og:locale\" content=\"fr_FR\" \/>\n<meta property=\"og:type\" content=\"article\" \/>\n<meta property=\"og:title\" content=\"Wanneer ben je &quot;klaar&quot; voor een master data management strategie? - Altares\" \/>\n<meta property=\"og:description\" content=\"Ontdek de signalen dat je organisatie klaar is voor een master data management strategie en volg het stappenplan voor succesvolle implementatie.\" \/>\n<meta property=\"og:url\" content=\"https:\/\/www.altares.be\/fr\/blog\/master-data-management\/a-quel-moment-faut-il-envisager-une-strategie-de-gestion-des-donnees-de-reference\/\" \/>\n<meta property=\"og:site_name\" content=\"Altares\" \/>\n<meta property=\"article:published_time\" content=\"2025-07-15T10:56:52+00:00\" \/>\n<meta property=\"article:modified_time\" content=\"2025-07-15T11:01:36+00:00\" \/>\n<meta property=\"og:image\" content=\"https:\/\/www.altares.be\/wp-content\/uploads\/2025\/07\/Master-Data-Management-downscaled-_1_.webp\" \/>\n\t<meta property=\"og:image:width\" content=\"900\" \/>\n\t<meta property=\"og:image:height\" content=\"600\" \/>\n\t<meta property=\"og:image:type\" content=\"image\/webp\" \/>\n<meta name=\"author\" content=\"J@han\" \/>\n<meta name=\"twitter:card\" content=\"summary_large_image\" \/>\n<meta name=\"twitter:label1\" content=\"\u00c9crit par\" \/>\n\t<meta name=\"twitter:data1\" content=\"J@han\" \/>\n\t<meta name=\"twitter:label2\" content=\"Dur\u00e9e de lecture est.\" \/>\n\t<meta name=\"twitter:data2\" content=\"4 minutes\" \/>\n<script type=\"application\/ld+json\" class=\"yoast-schema-graph\">{\"@context\":\"https:\\\/\\\/schema.org\",\"@graph\":[{\"@type\":\"Article\",\"@id\":\"https:\\\/\\\/www.altares.be\\\/blog\\\/master-data-management\\\/wanneer-ben-je-klaar-voor-een-master-data-management-strategie\\\/#article\",\"isPartOf\":{\"@id\":\"https:\\\/\\\/www.altares.be\\\/blog\\\/master-data-management\\\/wanneer-ben-je-klaar-voor-een-master-data-management-strategie\\\/\"},\"author\":{\"name\":\"J@han\",\"@id\":\"https:\\\/\\\/www.altares.be\\\/#\\\/schema\\\/person\\\/7877c47934a033959662af941380354f\"},\"headline\":\"Wanneer ben je &#8220;klaar&#8221; voor een master data management strategie?\",\"datePublished\":\"2025-07-15T10:56:52+00:00\",\"dateModified\":\"2025-07-15T11:01:36+00:00\",\"mainEntityOfPage\":{\"@id\":\"https:\\\/\\\/www.altares.be\\\/blog\\\/master-data-management\\\/wanneer-ben-je-klaar-voor-een-master-data-management-strategie\\\/\"},\"wordCount\":592,\"publisher\":{\"@id\":\"https:\\\/\\\/www.altares.be\\\/#organization\"},\"image\":{\"@id\":\"https:\\\/\\\/www.altares.be\\\/blog\\\/master-data-management\\\/wanneer-ben-je-klaar-voor-een-master-data-management-strategie\\\/#primaryimage\"},\"thumbnailUrl\":\"https:\\\/\\\/www.altares.be\\\/wp-content\\\/uploads\\\/2025\\\/07\\\/Master-Data-Management-downscaled-_1_.webp\",\"articleSection\":[\"Master Data Management\"],\"inLanguage\":\"fr-BE\"},{\"@type\":\"WebPage\",\"@id\":\"https:\\\/\\\/www.altares.be\\\/blog\\\/master-data-management\\\/wanneer-ben-je-klaar-voor-een-master-data-management-strategie\\\/\",\"url\":\"https:\\\/\\\/www.altares.be\\\/blog\\\/master-data-management\\\/wanneer-ben-je-klaar-voor-een-master-data-management-strategie\\\/\",\"name\":\"Wanneer ben je \\\"klaar\\\" voor een master data management strategie? - Altares\",\"isPartOf\":{\"@id\":\"https:\\\/\\\/www.altares.be\\\/#website\"},\"primaryImageOfPage\":{\"@id\":\"https:\\\/\\\/www.altares.be\\\/blog\\\/master-data-management\\\/wanneer-ben-je-klaar-voor-een-master-data-management-strategie\\\/#primaryimage\"},\"image\":{\"@id\":\"https:\\\/\\\/www.altares.be\\\/blog\\\/master-data-management\\\/wanneer-ben-je-klaar-voor-een-master-data-management-strategie\\\/#primaryimage\"},\"thumbnailUrl\":\"https:\\\/\\\/www.altares.be\\\/wp-content\\\/uploads\\\/2025\\\/07\\\/Master-Data-Management-downscaled-_1_.webp\",\"datePublished\":\"2025-07-15T10:56:52+00:00\",\"dateModified\":\"2025-07-15T11:01:36+00:00\",\"description\":\"Ontdek de signalen dat je organisatie klaar is voor een master data management strategie en volg het stappenplan voor succesvolle implementatie.\",\"breadcrumb\":{\"@id\":\"https:\\\/\\\/www.altares.be\\\/blog\\\/master-data-management\\\/wanneer-ben-je-klaar-voor-een-master-data-management-strategie\\\/#breadcrumb\"},\"inLanguage\":\"fr-BE\",\"potentialAction\":[{\"@type\":\"ReadAction\",\"target\":[\"https:\\\/\\\/www.altares.be\\\/blog\\\/master-data-management\\\/wanneer-ben-je-klaar-voor-een-master-data-management-strategie\\\/\"]}]},{\"@type\":\"ImageObject\",\"inLanguage\":\"fr-BE\",\"@id\":\"https:\\\/\\\/www.altares.be\\\/blog\\\/master-data-management\\\/wanneer-ben-je-klaar-voor-een-master-data-management-strategie\\\/#primaryimage\",\"url\":\"https:\\\/\\\/www.altares.be\\\/wp-content\\\/uploads\\\/2025\\\/07\\\/Master-Data-Management-downscaled-_1_.webp\",\"contentUrl\":\"https:\\\/\\\/www.altares.be\\\/wp-content\\\/uploads\\\/2025\\\/07\\\/Master-Data-Management-downscaled-_1_.webp\",\"width\":900,\"height\":600,\"caption\":\"data visualisatie\"},{\"@type\":\"BreadcrumbList\",\"@id\":\"https:\\\/\\\/www.altares.be\\\/blog\\\/master-data-management\\\/wanneer-ben-je-klaar-voor-een-master-data-management-strategie\\\/#breadcrumb\",\"itemListElement\":[{\"@type\":\"ListItem\",\"position\":1,\"name\":\"Home\",\"item\":\"https:\\\/\\\/www.altares.be\\\/\"},{\"@type\":\"ListItem\",\"position\":2,\"name\":\"Wanneer ben je &#8220;klaar&#8221; voor een master data management strategie?\"}]},{\"@type\":\"WebSite\",\"@id\":\"https:\\\/\\\/www.altares.be\\\/#website\",\"url\":\"https:\\\/\\\/www.altares.be\\\/\",\"name\":\"Altares\",\"description\":\"part of the Dun &amp; Bradstreet worldwide network\",\"publisher\":{\"@id\":\"https:\\\/\\\/www.altares.be\\\/#organization\"},\"potentialAction\":[{\"@type\":\"SearchAction\",\"target\":{\"@type\":\"EntryPoint\",\"urlTemplate\":\"https:\\\/\\\/www.altares.be\\\/?s={search_term_string}\"},\"query-input\":{\"@type\":\"PropertyValueSpecification\",\"valueRequired\":true,\"valueName\":\"search_term_string\"}}],\"inLanguage\":\"fr-BE\"},{\"@type\":\"Organization\",\"@id\":\"https:\\\/\\\/www.altares.be\\\/#organization\",\"name\":\"Altares\",\"url\":\"https:\\\/\\\/www.altares.be\\\/\",\"logo\":{\"@type\":\"ImageObject\",\"inLanguage\":\"fr-BE\",\"@id\":\"https:\\\/\\\/www.altares.be\\\/#\\\/schema\\\/logo\\\/image\\\/\",\"url\":\"https:\\\/\\\/www.altares.be\\\/wp-content\\\/uploads\\\/2021\\\/03\\\/Altares_RGB_liggend.svg\",\"contentUrl\":\"https:\\\/\\\/www.altares.be\\\/wp-content\\\/uploads\\\/2021\\\/03\\\/Altares_RGB_liggend.svg\",\"width\":145.57333,\"height\":20.52,\"caption\":\"Altares\"},\"image\":{\"@id\":\"https:\\\/\\\/www.altares.be\\\/#\\\/schema\\\/logo\\\/image\\\/\"}},{\"@type\":\"Person\",\"@id\":\"https:\\\/\\\/www.altares.be\\\/#\\\/schema\\\/person\\\/7877c47934a033959662af941380354f\",\"name\":\"J@han\",\"image\":{\"@type\":\"ImageObject\",\"inLanguage\":\"fr-BE\",\"@id\":\"https:\\\/\\\/secure.gravatar.com\\\/avatar\\\/96ecbc8bbb033e563778ab4ac332224c13a826e61099c9d54468a5f2f8f910d8?s=96&d=mm&r=g\",\"url\":\"https:\\\/\\\/secure.gravatar.com\\\/avatar\\\/96ecbc8bbb033e563778ab4ac332224c13a826e61099c9d54468a5f2f8f910d8?s=96&d=mm&r=g\",\"contentUrl\":\"https:\\\/\\\/secure.gravatar.com\\\/avatar\\\/96ecbc8bbb033e563778ab4ac332224c13a826e61099c9d54468a5f2f8f910d8?s=96&d=mm&r=g\",\"caption\":\"J@han\"}}]}<\/script>\n<!-- \/ Yoast SEO plugin. -->","yoast_head_json":{"title":"\u00c0 quel moment faut-il envisager une strat\u00e9gie de gestion des donn\u00e9es de r\u00e9f\u00e9rence ? \u2013 Altares","description":"D\u00e9couvrez les signaux indiquant que votre organisation est pr\u00eate pour une strat\u00e9gie de gestion des donn\u00e9es de r\u00e9f\u00e9rence et suivez le plan d\u2019action pour une mise en \u0153uvre r\u00e9ussie.","robots":{"index":"index","follow":"follow","max-snippet":"max-snippet:-1","max-image-preview":"max-image-preview:large","max-video-preview":"max-video-preview:-1"},"canonical":"https:\/\/www.altares.be\/fr\/blog\/master-data-management\/a-quel-moment-faut-il-envisager-une-strategie-de-gestion-des-donnees-de-reference\/","og_locale":"fr_FR","og_type":"article","og_title":"Wanneer ben je \"klaar\" voor een master data management strategie? - Altares","og_description":"Ontdek de signalen dat je organisatie klaar is voor een master data management strategie en volg het stappenplan voor succesvolle implementatie.","og_url":"https:\/\/www.altares.be\/fr\/blog\/master-data-management\/a-quel-moment-faut-il-envisager-une-strategie-de-gestion-des-donnees-de-reference\/","og_site_name":"Altares","article_published_time":"2025-07-15T10:56:52+00:00","article_modified_time":"2025-07-15T11:01:36+00:00","og_image":[{"width":900,"height":600,"url":"https:\/\/www.altares.be\/wp-content\/uploads\/2025\/07\/Master-Data-Management-downscaled-_1_.webp","type":"image\/webp"}],"author":"J@han","twitter_card":"summary_large_image","twitter_misc":{"\u00c9crit par":"J@han","Dur\u00e9e de lecture est.":"4 minutes"},"schema":{"@context":"https:\/\/schema.org","@graph":[{"@type":"Article","@id":"https:\/\/www.altares.be\/blog\/master-data-management\/wanneer-ben-je-klaar-voor-een-master-data-management-strategie\/#article","isPartOf":{"@id":"https:\/\/www.altares.be\/blog\/master-data-management\/wanneer-ben-je-klaar-voor-een-master-data-management-strategie\/"},"author":{"name":"J@han","@id":"https:\/\/www.altares.be\/#\/schema\/person\/7877c47934a033959662af941380354f"},"headline":"Wanneer ben je &#8220;klaar&#8221; voor een master data management strategie?","datePublished":"2025-07-15T10:56:52+00:00","dateModified":"2025-07-15T11:01:36+00:00","mainEntityOfPage":{"@id":"https:\/\/www.altares.be\/blog\/master-data-management\/wanneer-ben-je-klaar-voor-een-master-data-management-strategie\/"},"wordCount":592,"publisher":{"@id":"https:\/\/www.altares.be\/#organization"},"image":{"@id":"https:\/\/www.altares.be\/blog\/master-data-management\/wanneer-ben-je-klaar-voor-een-master-data-management-strategie\/#primaryimage"},"thumbnailUrl":"https:\/\/www.altares.be\/wp-content\/uploads\/2025\/07\/Master-Data-Management-downscaled-_1_.webp","articleSection":["Master Data Management"],"inLanguage":"fr-BE"},{"@type":"WebPage","@id":"https:\/\/www.altares.be\/blog\/master-data-management\/wanneer-ben-je-klaar-voor-een-master-data-management-strategie\/","url":"https:\/\/www.altares.be\/blog\/master-data-management\/wanneer-ben-je-klaar-voor-een-master-data-management-strategie\/","name":"\u00c0 quel moment faut-il envisager une strat\u00e9gie de gestion des donn\u00e9es de r\u00e9f\u00e9rence ? \u2013 Altares","isPartOf":{"@id":"https:\/\/www.altares.be\/#website"},"primaryImageOfPage":{"@id":"https:\/\/www.altares.be\/blog\/master-data-management\/wanneer-ben-je-klaar-voor-een-master-data-management-strategie\/#primaryimage"},"image":{"@id":"https:\/\/www.altares.be\/blog\/master-data-management\/wanneer-ben-je-klaar-voor-een-master-data-management-strategie\/#primaryimage"},"thumbnailUrl":"https:\/\/www.altares.be\/wp-content\/uploads\/2025\/07\/Master-Data-Management-downscaled-_1_.webp","datePublished":"2025-07-15T10:56:52+00:00","dateModified":"2025-07-15T11:01:36+00:00","description":"D\u00e9couvrez les signaux indiquant que votre organisation est pr\u00eate pour une strat\u00e9gie de gestion des donn\u00e9es de r\u00e9f\u00e9rence et suivez le plan d\u2019action pour une mise en \u0153uvre r\u00e9ussie.","breadcrumb":{"@id":"https:\/\/www.altares.be\/blog\/master-data-management\/wanneer-ben-je-klaar-voor-een-master-data-management-strategie\/#breadcrumb"},"inLanguage":"fr-BE","potentialAction":[{"@type":"ReadAction","target":["https:\/\/www.altares.be\/blog\/master-data-management\/wanneer-ben-je-klaar-voor-een-master-data-management-strategie\/"]}]},{"@type":"ImageObject","inLanguage":"fr-BE","@id":"https:\/\/www.altares.be\/blog\/master-data-management\/wanneer-ben-je-klaar-voor-een-master-data-management-strategie\/#primaryimage","url":"https:\/\/www.altares.be\/wp-content\/uploads\/2025\/07\/Master-Data-Management-downscaled-_1_.webp","contentUrl":"https:\/\/www.altares.be\/wp-content\/uploads\/2025\/07\/Master-Data-Management-downscaled-_1_.webp","width":900,"height":600,"caption":"data visualisatie"},{"@type":"BreadcrumbList","@id":"https:\/\/www.altares.be\/blog\/master-data-management\/wanneer-ben-je-klaar-voor-een-master-data-management-strategie\/#breadcrumb","itemListElement":[{"@type":"ListItem","position":1,"name":"Home","item":"https:\/\/www.altares.be\/"},{"@type":"ListItem","position":2,"name":"Wanneer ben je &#8220;klaar&#8221; voor een master data management strategie?"}]},{"@type":"WebSite","@id":"https:\/\/www.altares.be\/#website","url":"https:\/\/www.altares.be\/","name":"Altares","description":"partenaire du r\u00e9seau mondial de Dun\u00a0&amp;\u00a0Bradstreet","publisher":{"@id":"https:\/\/www.altares.be\/#organization"},"potentialAction":[{"@type":"SearchAction","target":{"@type":"EntryPoint","urlTemplate":"https:\/\/www.altares.be\/?s={search_term_string}"},"query-input":{"@type":"PropertyValueSpecification","valueRequired":true,"valueName":"search_term_string"}}],"inLanguage":"fr-BE"},{"@type":"Organization","@id":"https:\/\/www.altares.be\/#organization","name":"Altares","url":"https:\/\/www.altares.be\/","logo":{"@type":"ImageObject","inLanguage":"fr-BE","@id":"https:\/\/www.altares.be\/#\/schema\/logo\/image\/","url":"https:\/\/www.altares.be\/wp-content\/uploads\/2021\/03\/Altares_RGB_liggend.svg","contentUrl":"https:\/\/www.altares.be\/wp-content\/uploads\/2021\/03\/Altares_RGB_liggend.svg","width":145.57333,"height":20.52,"caption":"Altares"},"image":{"@id":"https:\/\/www.altares.be\/#\/schema\/logo\/image\/"}},{"@type":"Person","@id":"https:\/\/www.altares.be\/#\/schema\/person\/7877c47934a033959662af941380354f","name":"J@han","image":{"@type":"ImageObject","inLanguage":"fr-BE","@id":"https:\/\/secure.gravatar.com\/avatar\/96ecbc8bbb033e563778ab4ac332224c13a826e61099c9d54468a5f2f8f910d8?s=96&d=mm&r=g","url":"https:\/\/secure.gravatar.com\/avatar\/96ecbc8bbb033e563778ab4ac332224c13a826e61099c9d54468a5f2f8f910d8?s=96&d=mm&r=g","contentUrl":"https:\/\/secure.gravatar.com\/avatar\/96ecbc8bbb033e563778ab4ac332224c13a826e61099c9d54468a5f2f8f910d8?s=96&d=mm&r=g","caption":"J@han"}}]}},"_links":{"self":[{"href":"https:\/\/www.altares.be\/fr\/wp-json\/wp\/v2\/posts\/51335","targetHints":{"allow":["GET"]}}],"collection":[{"href":"https:\/\/www.altares.be\/fr\/wp-json\/wp\/v2\/posts"}],"about":[{"href":"https:\/\/www.altares.be\/fr\/wp-json\/wp\/v2\/types\/post"}],"author":[{"embeddable":true,"href":"https:\/\/www.altares.be\/fr\/wp-json\/wp\/v2\/users\/2"}],"replies":[{"embeddable":true,"href":"https:\/\/www.altares.be\/fr\/wp-json\/wp\/v2\/comments?post=51335"}],"version-history":[{"count":0,"href":"https:\/\/www.altares.be\/fr\/wp-json\/wp\/v2\/posts\/51335\/revisions"}],"wp:featuredmedia":[{"embeddable":true,"href":"https:\/\/www.altares.be\/fr\/wp-json\/wp\/v2\/media\/51338"}],"wp:attachment":[{"href":"https:\/\/www.altares.be\/fr\/wp-json\/wp\/v2\/media?parent=51335"}],"wp:term":[{"taxonomy":"category","embeddable":true,"href":"https:\/\/www.altares.be\/fr\/wp-json\/wp\/v2\/categories?post=51335"},{"taxonomy":"post_tag","embeddable":true,"href":"https:\/\/www.altares.be\/fr\/wp-json\/wp\/v2\/tags?post=51335"}],"curies":[{"name":"wp","href":"https:\/\/api.w.org\/{rel}","templated":true}]}}