{"id":51340,"date":"2025-07-15T13:10:33","date_gmt":"2025-07-15T11:10:33","guid":{"rendered":"https:\/\/www.altares.be\/?p=51340"},"modified":"2025-11-03T13:39:03","modified_gmt":"2025-11-03T12:39:03","slug":"la-matrice-de-la-connaissance-marketing-et-des-zones-dombre-commerciales","status":"publish","type":"post","link":"https:\/\/www.altares.be\/fr\/blog\/sales-marketing\/de-matrix-van-marketinginzicht-en-commerciele-blinde-vlekken\/","title":{"rendered":"La matrice de la connaissance marketing et des zones d\u2019ombre commerciales"},"content":{"rendered":"<p>Demandez \u00e0 n\u2019importe quelle organisation commerciale si elle travaille de mani\u00e8re ax\u00e9e sur les donn\u00e9es, et la r\u00e9ponse sera presque toujours un grand \u00ab oui \u00bb. Elle dispose effectivement d\u2019un syst\u00e8me CRM, d\u2019une plateforme d\u2019automatisation du marketing, d\u2019un tableau de bord rempli de KPI et peut-\u00eatre m\u00eame d\u2019un ICP. Et pourtant, tout cela ne garantit pas n\u00e9cessairement de bonnes d\u00e9cisions.<br><br>Car la vraie question n\u2019est pas seulement ce que vous savez, mais surtout la confiance que vous placez en ces donn\u00e9es \u2013 et ce qui vous \u00e9chappe peut-\u00eatre.<br><br>C\u2019est l\u00e0 qu\u2019intervient cette matrice. Elle pr\u00e9sente six zones pour aider les entreprises \u00e0 porter un regard diff\u00e9rent sur leurs donn\u00e9es commerciales et \u00e0 \u00eatre honn\u00eates sur leurs hypoth\u00e8ses, leurs habitudes et surtout leurs zones d\u2019ombre.<\/p>\n\n\n\n<figure class=\"wp-block-image size-full\"><img fetchpriority=\"high\" decoding=\"async\" width=\"1000\" height=\"537\" src=\"https:\/\/www.altares.be\/wp-content\/uploads\/2025\/07\/Untitled-1-01-2048x1099-1.webp\" alt=\"\" class=\"wp-image-51342\" srcset=\"https:\/\/www.altares.be\/wp-content\/uploads\/2025\/07\/Untitled-1-01-2048x1099-1.webp 1000w, https:\/\/www.altares.be\/wp-content\/uploads\/2025\/07\/Untitled-1-01-2048x1099-1-300x161.webp 300w, https:\/\/www.altares.be\/wp-content\/uploads\/2025\/07\/Untitled-1-01-2048x1099-1-150x81.webp 150w, https:\/\/www.altares.be\/wp-content\/uploads\/2025\/07\/Untitled-1-01-2048x1099-1-768x412.webp 768w, https:\/\/www.altares.be\/wp-content\/uploads\/2025\/07\/Untitled-1-01-2048x1099-1-18x10.webp 18w, https:\/\/www.altares.be\/wp-content\/uploads\/2025\/07\/Untitled-1-01-2048x1099-1-24x13.webp 24w, https:\/\/www.altares.be\/wp-content\/uploads\/2025\/07\/Untitled-1-01-2048x1099-1-36x19.webp 36w, https:\/\/www.altares.be\/wp-content\/uploads\/2025\/07\/Untitled-1-01-2048x1099-1-48x26.webp 48w\" sizes=\"(max-width: 1000px) 100vw, 1000px\" \/><\/figure>\n\n\n\n<h2 class=\"wp-block-heading\">Ce que vous savez que vous savez \u2013 Zone \u00ab Good \u00bb (Correct)<\/h2>\n\n\n\n<p>Vous avez une vision claire de vos 100 meilleurs clients, connaissez pr\u00e9cis\u00e9ment leur chiffre d\u2019affaires annuel, la personne responsable de la prise de d\u00e9cisions ainsi que la date du prochain renouvellement. Votre CRM est \u00e0 jour, enrichi avec des sources de donn\u00e9es externes et reli\u00e9 \u00e0 votre plateforme d\u2019automatisation du marketing. Vous contr\u00f4lez la situation.<br><br>Cette position vous permet d\u2019instaurer la confiance, de personnaliser les \u00e9changes et de segmenter de mani\u00e8re strat\u00e9gique.<\/p>\n\n\n\n<h2 class=\"wp-block-heading\">Ce que vous savez que vous ne savez pas \u2013 Zone \u00ab Search \u00bb (Recherche)<\/h2>\n\n\n\n<p>Vous savez que vous ne disposez pas d\u2019une vue d\u2019ensemble compl\u00e8te de votre march\u00e9 adressable. Vous avez conscience qu\u2019il reste des prospects \u00e0 haut potentiel, mais ils ne figurent tout simplement pas dans votre CRM. Vous savez \u00e9galement que vos donn\u00e9es sont obsol\u00e8tes, que des fonctions ont chang\u00e9 ou que des entreprises ont d\u00e9m\u00e9nag\u00e9. Mais par o\u00f9 commencer ?<br><br>Il s\u2019agit de la zone d\u2019enrichissement des donn\u00e9es, d\u2019exploration du march\u00e9 et de r\u00e9vision de l\u2019ICP.<\/p>\n\n\n\n<h2 class=\"wp-block-heading\">Ce que vous savez, mais que vous ne voulez pas savoir \u2013 Zone \u00ab Data Overload \u00bb (Surcharge de donn\u00e9es)<\/h2>\n\n\n\n<p>Votre \u00e9quipe marketing re\u00e7oit des centaines de MQL par mois, mais personne ne sait lesquels d\u2019entre eux sont vraiment pr\u00e9cieux. Votre CRM compte des milliers d\u2019entreprises sans segment, code sectoriel ou statut \u00e0 jour. Vous savez que les donn\u00e9es sont pollu\u00e9es, mais personne n\u2019ose faire le m\u00e9nage.<br><br>Trop de donn\u00e9es mal structur\u00e9es paralysent votre conversion. Il faut oser les nettoyer et prendre des d\u00e9cisions.<\/p>\n\n\n\n<h2 class=\"wp-block-heading\">Ce que vous ignorez que vous savez \u2013 Zone \u00ab Data Mining \u00bb (Exploration de donn\u00e9es)<\/h2>\n\n\n\n<p>Le savoir est l\u00e0, dans la t\u00eate de la personne la plus exp\u00e9riment\u00e9e de l\u2019\u00e9quipe commerciale. Ou quelque part dans ce fameux fichier Excel du marketing. Ou encore cach\u00e9 dans le CRM, sous des \u00e9tiquettes comme \u00ab ancien prospect \u00bb ou \u00ab non pertinent \u00bb, alors que l\u2019entreprise est aujourd\u2019hui devenue une scale-up. Les p\u00e9pites sont l\u00e0, mais vous ne les voyez pas encore.<br><br>Utilisez l\u2019IA, l\u2019enrichissement et l\u2019analyse pour r\u00e9v\u00e9ler des mod\u00e8les cach\u00e9s.<\/p>\n\n\n\n<p><strong>Lisez aussi :<\/strong> <a href=\"https:\/\/www.altares.be\/fr\/livresblancs\/guide-de-vente-comment-obtenir-un-apercu-complet-de-son-portefeuille-client\/\">Guide de vente : comment obtenir un aper\u00e7u complet de son portefeuille client ?<\/a><\/p>\n\n\n\n<h2 class=\"wp-block-heading\">Ce que vous ignorez que vous ignorez \u2013 Zone \u00ab Blindness \u00bb (Aveuglement)<\/h2>\n\n\n\n<p>Vous pensez avoir d\u00e9fini tous les segments de march\u00e9, mais il existe des niches auxquelles vous n\u2019avez jamais song\u00e9. Votre ciblage exclut certains types de clients, sans que vous ne vous en rendiez compte. Quant \u00e0 votre strat\u00e9gie de mise sur le march\u00e9, elle passe peut-\u00eatre \u00e0 c\u00f4t\u00e9 d\u2019un canal o\u00f9 la client\u00e8le est pourtant bien pr\u00e9sente.<br><br>C\u2019est ici que se trouvent les plus grands risques, mais aussi les meilleures opportunit\u00e9s. Le moment est venu de travailler avec des donn\u00e9es de march\u00e9 externes et de tester des sc\u00e9narios.<\/p>\n\n\n\n<h2 class=\"wp-block-heading\">Ce que vous ignorez et que vous pr\u00e9f\u00e9rez ne pas savoir \u2013 Zone \u00ab Obstruction \u00bb<\/h2>\n\n\n\n<p>Vous savez que votre CRM est chaotique, mais personne n\u2019a le temps ni l\u2019envie de le structurer. Votre pipeline de vente repose davantage sur des espoirs que sur des faits. Et vos campagnes de fid\u00e9lisation s\u2019adressent \u00e0 des personnes qui sont parties depuis longtemps. Vous avez peur de regarder la r\u00e9alit\u00e9 en face, donc vous d\u00e9tournez le regard.<br><br>Reporter l\u2019inconfort ne fait qu\u2019aggraver le probl\u00e8me. La gouvernance des donn\u00e9es n\u2019est pas un luxe, c\u2019est une n\u00e9cessit\u00e9.<\/p>\n\n\n\n<p><strong>Lisez aussi : <\/strong><a href=\"https:\/\/www.altares.be\/fr\/votre-crm\/\">Nous avons tout ce dont votre CRM a besoin<\/a><\/p>\n\n\n\n<h2 class=\"wp-block-heading\">R\u00e9flexion : o\u00f9 vous situez-vous dans la matrice ?<\/h2>\n\n\n\n<p>Bon nombre d\u2019organisations commerciales sont loin d\u2019\u00eatre stupides, mais s\u2019appuient sur des hypoth\u00e8ses incompl\u00e8tes ou obsol\u00e8tes. Non par manque de volont\u00e9, mais par habitude. Cette matrice permet de sortir de ces sch\u00e9mas.<br><br>Commencez simplement :<br>\u2013 Que savez-vous avec certitude ?<br>\u2013 Que choisissez-vous de ne pas savoir ?<br>\u2013 Que n\u2019osez-vous pas (encore) regarder en face ?<\/p>\n\n\n\n<h2 class=\"wp-block-heading\">De la connaissance \u00e0 la croissance<\/h2>\n\n\n\n<p>Voil\u00e0 longtemps que les ventes et le marketing ne reposent plus sur l\u2019instinct et la sympathie. Ils tournent \u00e0 pr\u00e9sent autour de la structure, de la pertinence, du timing et de la confiance. Et pour cela, il vous faut plus que des donn\u00e9es : vous avez besoin d\u2019\u00e9clairer vos zones d\u2019ombre.<br><br>Ce n\u2019est qu\u2019alors que vous pourrez vraiment dire : \u00ab Notre entreprise est ax\u00e9e sur les donn\u00e9es. \u00bb<\/p>","protected":false},"excerpt":{"rendered":"<p>Nombre d\u2019organisations pensent fonctionner de mani\u00e8re ax\u00e9e sur les donn\u00e9es, mais manquent d\u2019un regard critique sur leurs hypoth\u00e8ses commerciales et leurs zones d\u2019ombre. Cette matrice aide \u00e0 identifier six zones de donn\u00e9es \u2013 de ce que l\u2019on sait avec certitude \u00e0 ce que l\u2019on pr\u00e9f\u00e8re ne pas voir. En adoptant une approche plus consciente de vos donn\u00e9es, vous prenez de meilleures d\u00e9cisions et r\u00e9v\u00e9lez des opportunit\u00e9s de croissance encore inexploit\u00e9es.<\/p>","protected":false},"author":2,"featured_media":51345,"comment_status":"closed","ping_status":"closed","sticky":false,"template":"","format":"standard","meta":{"_acf_changed":false,"inline_featured_image":false,"footnotes":""},"categories":[22],"tags":[],"class_list":["post-51340","post","type-post","status-publish","format-standard","has-post-thumbnail","hentry","category-sales-marketing"],"acf":[],"yoast_head":"<!-- This site is optimized with the Yoast SEO plugin v27.3 - https:\/\/yoast.com\/product\/yoast-seo-wordpress\/ -->\n<title>De matrix van marketinginzicht en commerci\u00eble blinde vlekken - Altares<\/title>\n<meta name=\"description\" content=\"Ontdek je commerci\u00eble blinde vlekken met deze matrix. Maak betere keuzes door echt data-gedreven te werken.\" \/>\n<meta name=\"robots\" content=\"index, follow, max-snippet:-1, max-image-preview:large, max-video-preview:-1\" \/>\n<link rel=\"canonical\" href=\"https:\/\/www.altares.be\/fr\/blog\/sales-marketing\/la-matrice-de-la-connaissance-marketing-et-des-zones-dombre-commerciales\/\" \/>\n<meta property=\"og:locale\" content=\"fr_FR\" \/>\n<meta property=\"og:type\" content=\"article\" \/>\n<meta property=\"og:title\" content=\"De matrix van marketinginzicht en commerci\u00eble blinde vlekken - Altares\" \/>\n<meta property=\"og:description\" content=\"Ontdek je commerci\u00eble blinde vlekken met deze matrix. Maak betere keuzes door echt data-gedreven te werken.\" \/>\n<meta property=\"og:url\" content=\"https:\/\/www.altares.be\/fr\/blog\/sales-marketing\/la-matrice-de-la-connaissance-marketing-et-des-zones-dombre-commerciales\/\" \/>\n<meta property=\"og:site_name\" content=\"Altares\" \/>\n<meta property=\"article:published_time\" content=\"2025-07-15T11:10:33+00:00\" \/>\n<meta property=\"article:modified_time\" content=\"2025-11-03T12:39:03+00:00\" \/>\n<meta property=\"og:image\" content=\"https:\/\/www.altares.be\/wp-content\/uploads\/2025\/07\/whatyoudontknowmatrix-1.webp\" \/>\n\t<meta property=\"og:image:width\" content=\"880\" \/>\n\t<meta property=\"og:image:height\" content=\"472\" \/>\n\t<meta property=\"og:image:type\" content=\"image\/webp\" \/>\n<meta name=\"author\" content=\"J@han\" \/>\n<meta name=\"twitter:card\" content=\"summary_large_image\" \/>\n<meta name=\"twitter:label1\" content=\"\u00c9crit par\" \/>\n\t<meta name=\"twitter:data1\" content=\"J@han\" \/>\n\t<meta name=\"twitter:label2\" content=\"Dur\u00e9e de lecture est.\" \/>\n\t<meta name=\"twitter:data2\" content=\"4 minutes\" \/>\n<script type=\"application\/ld+json\" class=\"yoast-schema-graph\">{\"@context\":\"https:\\\/\\\/schema.org\",\"@graph\":[{\"@type\":\"Article\",\"@id\":\"https:\\\/\\\/www.altares.be\\\/blog\\\/sales-marketing\\\/de-matrix-van-marketinginzicht-en-commerciele-blinde-vlekken\\\/#article\",\"isPartOf\":{\"@id\":\"https:\\\/\\\/www.altares.be\\\/blog\\\/sales-marketing\\\/de-matrix-van-marketinginzicht-en-commerciele-blinde-vlekken\\\/\"},\"author\":{\"name\":\"J@han\",\"@id\":\"https:\\\/\\\/www.altares.be\\\/#\\\/schema\\\/person\\\/7877c47934a033959662af941380354f\"},\"headline\":\"De matrix van marketinginzicht en commerci\u00eble blinde vlekken\",\"datePublished\":\"2025-07-15T11:10:33+00:00\",\"dateModified\":\"2025-11-03T12:39:03+00:00\",\"mainEntityOfPage\":{\"@id\":\"https:\\\/\\\/www.altares.be\\\/blog\\\/sales-marketing\\\/de-matrix-van-marketinginzicht-en-commerciele-blinde-vlekken\\\/\"},\"wordCount\":655,\"publisher\":{\"@id\":\"https:\\\/\\\/www.altares.be\\\/#organization\"},\"image\":{\"@id\":\"https:\\\/\\\/www.altares.be\\\/blog\\\/sales-marketing\\\/de-matrix-van-marketinginzicht-en-commerciele-blinde-vlekken\\\/#primaryimage\"},\"thumbnailUrl\":\"https:\\\/\\\/www.altares.be\\\/wp-content\\\/uploads\\\/2025\\\/07\\\/whatyoudontknowmatrix-1.webp\",\"articleSection\":[\"Sales &amp; Marketing\"],\"inLanguage\":\"fr-BE\"},{\"@type\":\"WebPage\",\"@id\":\"https:\\\/\\\/www.altares.be\\\/blog\\\/sales-marketing\\\/de-matrix-van-marketinginzicht-en-commerciele-blinde-vlekken\\\/\",\"url\":\"https:\\\/\\\/www.altares.be\\\/blog\\\/sales-marketing\\\/de-matrix-van-marketinginzicht-en-commerciele-blinde-vlekken\\\/\",\"name\":\"De matrix van marketinginzicht en commerci\u00eble blinde vlekken - Altares\",\"isPartOf\":{\"@id\":\"https:\\\/\\\/www.altares.be\\\/#website\"},\"primaryImageOfPage\":{\"@id\":\"https:\\\/\\\/www.altares.be\\\/blog\\\/sales-marketing\\\/de-matrix-van-marketinginzicht-en-commerciele-blinde-vlekken\\\/#primaryimage\"},\"image\":{\"@id\":\"https:\\\/\\\/www.altares.be\\\/blog\\\/sales-marketing\\\/de-matrix-van-marketinginzicht-en-commerciele-blinde-vlekken\\\/#primaryimage\"},\"thumbnailUrl\":\"https:\\\/\\\/www.altares.be\\\/wp-content\\\/uploads\\\/2025\\\/07\\\/whatyoudontknowmatrix-1.webp\",\"datePublished\":\"2025-07-15T11:10:33+00:00\",\"dateModified\":\"2025-11-03T12:39:03+00:00\",\"description\":\"Ontdek je commerci\u00eble blinde vlekken met deze matrix. Maak betere keuzes door echt data-gedreven te werken.\",\"breadcrumb\":{\"@id\":\"https:\\\/\\\/www.altares.be\\\/blog\\\/sales-marketing\\\/de-matrix-van-marketinginzicht-en-commerciele-blinde-vlekken\\\/#breadcrumb\"},\"inLanguage\":\"fr-BE\",\"potentialAction\":[{\"@type\":\"ReadAction\",\"target\":[\"https:\\\/\\\/www.altares.be\\\/blog\\\/sales-marketing\\\/de-matrix-van-marketinginzicht-en-commerciele-blinde-vlekken\\\/\"]}]},{\"@type\":\"ImageObject\",\"inLanguage\":\"fr-BE\",\"@id\":\"https:\\\/\\\/www.altares.be\\\/blog\\\/sales-marketing\\\/de-matrix-van-marketinginzicht-en-commerciele-blinde-vlekken\\\/#primaryimage\",\"url\":\"https:\\\/\\\/www.altares.be\\\/wp-content\\\/uploads\\\/2025\\\/07\\\/whatyoudontknowmatrix-1.webp\",\"contentUrl\":\"https:\\\/\\\/www.altares.be\\\/wp-content\\\/uploads\\\/2025\\\/07\\\/whatyoudontknowmatrix-1.webp\",\"width\":880,\"height\":472},{\"@type\":\"BreadcrumbList\",\"@id\":\"https:\\\/\\\/www.altares.be\\\/blog\\\/sales-marketing\\\/de-matrix-van-marketinginzicht-en-commerciele-blinde-vlekken\\\/#breadcrumb\",\"itemListElement\":[{\"@type\":\"ListItem\",\"position\":1,\"name\":\"Home\",\"item\":\"https:\\\/\\\/www.altares.be\\\/\"},{\"@type\":\"ListItem\",\"position\":2,\"name\":\"De matrix van marketinginzicht en commerci\u00eble blinde vlekken\"}]},{\"@type\":\"WebSite\",\"@id\":\"https:\\\/\\\/www.altares.be\\\/#website\",\"url\":\"https:\\\/\\\/www.altares.be\\\/\",\"name\":\"Altares\",\"description\":\"part of the Dun &amp; Bradstreet worldwide network\",\"publisher\":{\"@id\":\"https:\\\/\\\/www.altares.be\\\/#organization\"},\"potentialAction\":[{\"@type\":\"SearchAction\",\"target\":{\"@type\":\"EntryPoint\",\"urlTemplate\":\"https:\\\/\\\/www.altares.be\\\/?s={search_term_string}\"},\"query-input\":{\"@type\":\"PropertyValueSpecification\",\"valueRequired\":true,\"valueName\":\"search_term_string\"}}],\"inLanguage\":\"fr-BE\"},{\"@type\":\"Organization\",\"@id\":\"https:\\\/\\\/www.altares.be\\\/#organization\",\"name\":\"Altares\",\"url\":\"https:\\\/\\\/www.altares.be\\\/\",\"logo\":{\"@type\":\"ImageObject\",\"inLanguage\":\"fr-BE\",\"@id\":\"https:\\\/\\\/www.altares.be\\\/#\\\/schema\\\/logo\\\/image\\\/\",\"url\":\"https:\\\/\\\/www.altares.be\\\/wp-content\\\/uploads\\\/2021\\\/03\\\/Altares_RGB_liggend.svg\",\"contentUrl\":\"https:\\\/\\\/www.altares.be\\\/wp-content\\\/uploads\\\/2021\\\/03\\\/Altares_RGB_liggend.svg\",\"width\":145.57333,\"height\":20.52,\"caption\":\"Altares\"},\"image\":{\"@id\":\"https:\\\/\\\/www.altares.be\\\/#\\\/schema\\\/logo\\\/image\\\/\"}},{\"@type\":\"Person\",\"@id\":\"https:\\\/\\\/www.altares.be\\\/#\\\/schema\\\/person\\\/7877c47934a033959662af941380354f\",\"name\":\"J@han\",\"image\":{\"@type\":\"ImageObject\",\"inLanguage\":\"fr-BE\",\"@id\":\"https:\\\/\\\/secure.gravatar.com\\\/avatar\\\/96ecbc8bbb033e563778ab4ac332224c13a826e61099c9d54468a5f2f8f910d8?s=96&d=mm&r=g\",\"url\":\"https:\\\/\\\/secure.gravatar.com\\\/avatar\\\/96ecbc8bbb033e563778ab4ac332224c13a826e61099c9d54468a5f2f8f910d8?s=96&d=mm&r=g\",\"contentUrl\":\"https:\\\/\\\/secure.gravatar.com\\\/avatar\\\/96ecbc8bbb033e563778ab4ac332224c13a826e61099c9d54468a5f2f8f910d8?s=96&d=mm&r=g\",\"caption\":\"J@han\"}}]}<\/script>\n<!-- \/ Yoast SEO plugin. -->","yoast_head_json":{"title":"La matrice de la connaissance marketing et des zones d\u2019ombre commerciales \u2013 Altares","description":"Identifiez vos zones d\u2019ombre commerciales gr\u00e2ce \u00e0 cette matrice. Faites de meilleurs choix en adoptant une v\u00e9ritable d\u00e9marche ax\u00e9e sur les donn\u00e9es.","robots":{"index":"index","follow":"follow","max-snippet":"max-snippet:-1","max-image-preview":"max-image-preview:large","max-video-preview":"max-video-preview:-1"},"canonical":"https:\/\/www.altares.be\/fr\/blog\/sales-marketing\/la-matrice-de-la-connaissance-marketing-et-des-zones-dombre-commerciales\/","og_locale":"fr_FR","og_type":"article","og_title":"De matrix van marketinginzicht en commerci\u00eble blinde vlekken - Altares","og_description":"Ontdek je commerci\u00eble blinde vlekken met deze matrix. Maak betere keuzes door echt data-gedreven te werken.","og_url":"https:\/\/www.altares.be\/fr\/blog\/sales-marketing\/la-matrice-de-la-connaissance-marketing-et-des-zones-dombre-commerciales\/","og_site_name":"Altares","article_published_time":"2025-07-15T11:10:33+00:00","article_modified_time":"2025-11-03T12:39:03+00:00","og_image":[{"width":880,"height":472,"url":"https:\/\/www.altares.be\/wp-content\/uploads\/2025\/07\/whatyoudontknowmatrix-1.webp","type":"image\/webp"}],"author":"J@han","twitter_card":"summary_large_image","twitter_misc":{"\u00c9crit par":"J@han","Dur\u00e9e de lecture est.":"4 minutes"},"schema":{"@context":"https:\/\/schema.org","@graph":[{"@type":"Article","@id":"https:\/\/www.altares.be\/blog\/sales-marketing\/de-matrix-van-marketinginzicht-en-commerciele-blinde-vlekken\/#article","isPartOf":{"@id":"https:\/\/www.altares.be\/blog\/sales-marketing\/de-matrix-van-marketinginzicht-en-commerciele-blinde-vlekken\/"},"author":{"name":"J@han","@id":"https:\/\/www.altares.be\/#\/schema\/person\/7877c47934a033959662af941380354f"},"headline":"De matrix van marketinginzicht en commerci\u00eble blinde vlekken","datePublished":"2025-07-15T11:10:33+00:00","dateModified":"2025-11-03T12:39:03+00:00","mainEntityOfPage":{"@id":"https:\/\/www.altares.be\/blog\/sales-marketing\/de-matrix-van-marketinginzicht-en-commerciele-blinde-vlekken\/"},"wordCount":655,"publisher":{"@id":"https:\/\/www.altares.be\/#organization"},"image":{"@id":"https:\/\/www.altares.be\/blog\/sales-marketing\/de-matrix-van-marketinginzicht-en-commerciele-blinde-vlekken\/#primaryimage"},"thumbnailUrl":"https:\/\/www.altares.be\/wp-content\/uploads\/2025\/07\/whatyoudontknowmatrix-1.webp","articleSection":["Sales &amp; Marketing"],"inLanguage":"fr-BE"},{"@type":"WebPage","@id":"https:\/\/www.altares.be\/blog\/sales-marketing\/de-matrix-van-marketinginzicht-en-commerciele-blinde-vlekken\/","url":"https:\/\/www.altares.be\/blog\/sales-marketing\/de-matrix-van-marketinginzicht-en-commerciele-blinde-vlekken\/","name":"La matrice de la connaissance marketing et des zones d\u2019ombre commerciales \u2013 Altares","isPartOf":{"@id":"https:\/\/www.altares.be\/#website"},"primaryImageOfPage":{"@id":"https:\/\/www.altares.be\/blog\/sales-marketing\/de-matrix-van-marketinginzicht-en-commerciele-blinde-vlekken\/#primaryimage"},"image":{"@id":"https:\/\/www.altares.be\/blog\/sales-marketing\/de-matrix-van-marketinginzicht-en-commerciele-blinde-vlekken\/#primaryimage"},"thumbnailUrl":"https:\/\/www.altares.be\/wp-content\/uploads\/2025\/07\/whatyoudontknowmatrix-1.webp","datePublished":"2025-07-15T11:10:33+00:00","dateModified":"2025-11-03T12:39:03+00:00","description":"Identifiez vos zones d\u2019ombre commerciales gr\u00e2ce \u00e0 cette matrice. Faites de meilleurs choix en adoptant une v\u00e9ritable d\u00e9marche ax\u00e9e sur les donn\u00e9es.","breadcrumb":{"@id":"https:\/\/www.altares.be\/blog\/sales-marketing\/de-matrix-van-marketinginzicht-en-commerciele-blinde-vlekken\/#breadcrumb"},"inLanguage":"fr-BE","potentialAction":[{"@type":"ReadAction","target":["https:\/\/www.altares.be\/blog\/sales-marketing\/de-matrix-van-marketinginzicht-en-commerciele-blinde-vlekken\/"]}]},{"@type":"ImageObject","inLanguage":"fr-BE","@id":"https:\/\/www.altares.be\/blog\/sales-marketing\/de-matrix-van-marketinginzicht-en-commerciele-blinde-vlekken\/#primaryimage","url":"https:\/\/www.altares.be\/wp-content\/uploads\/2025\/07\/whatyoudontknowmatrix-1.webp","contentUrl":"https:\/\/www.altares.be\/wp-content\/uploads\/2025\/07\/whatyoudontknowmatrix-1.webp","width":880,"height":472},{"@type":"BreadcrumbList","@id":"https:\/\/www.altares.be\/blog\/sales-marketing\/de-matrix-van-marketinginzicht-en-commerciele-blinde-vlekken\/#breadcrumb","itemListElement":[{"@type":"ListItem","position":1,"name":"Home","item":"https:\/\/www.altares.be\/"},{"@type":"ListItem","position":2,"name":"De matrix van marketinginzicht en commerci\u00eble blinde vlekken"}]},{"@type":"WebSite","@id":"https:\/\/www.altares.be\/#website","url":"https:\/\/www.altares.be\/","name":"Altares","description":"partenaire du r\u00e9seau mondial de Dun\u00a0&amp;\u00a0Bradstreet","publisher":{"@id":"https:\/\/www.altares.be\/#organization"},"potentialAction":[{"@type":"SearchAction","target":{"@type":"EntryPoint","urlTemplate":"https:\/\/www.altares.be\/?s={search_term_string}"},"query-input":{"@type":"PropertyValueSpecification","valueRequired":true,"valueName":"search_term_string"}}],"inLanguage":"fr-BE"},{"@type":"Organization","@id":"https:\/\/www.altares.be\/#organization","name":"Altares","url":"https:\/\/www.altares.be\/","logo":{"@type":"ImageObject","inLanguage":"fr-BE","@id":"https:\/\/www.altares.be\/#\/schema\/logo\/image\/","url":"https:\/\/www.altares.be\/wp-content\/uploads\/2021\/03\/Altares_RGB_liggend.svg","contentUrl":"https:\/\/www.altares.be\/wp-content\/uploads\/2021\/03\/Altares_RGB_liggend.svg","width":145.57333,"height":20.52,"caption":"Altares"},"image":{"@id":"https:\/\/www.altares.be\/#\/schema\/logo\/image\/"}},{"@type":"Person","@id":"https:\/\/www.altares.be\/#\/schema\/person\/7877c47934a033959662af941380354f","name":"J@han","image":{"@type":"ImageObject","inLanguage":"fr-BE","@id":"https:\/\/secure.gravatar.com\/avatar\/96ecbc8bbb033e563778ab4ac332224c13a826e61099c9d54468a5f2f8f910d8?s=96&d=mm&r=g","url":"https:\/\/secure.gravatar.com\/avatar\/96ecbc8bbb033e563778ab4ac332224c13a826e61099c9d54468a5f2f8f910d8?s=96&d=mm&r=g","contentUrl":"https:\/\/secure.gravatar.com\/avatar\/96ecbc8bbb033e563778ab4ac332224c13a826e61099c9d54468a5f2f8f910d8?s=96&d=mm&r=g","caption":"J@han"}}]}},"_links":{"self":[{"href":"https:\/\/www.altares.be\/fr\/wp-json\/wp\/v2\/posts\/51340","targetHints":{"allow":["GET"]}}],"collection":[{"href":"https:\/\/www.altares.be\/fr\/wp-json\/wp\/v2\/posts"}],"about":[{"href":"https:\/\/www.altares.be\/fr\/wp-json\/wp\/v2\/types\/post"}],"author":[{"embeddable":true,"href":"https:\/\/www.altares.be\/fr\/wp-json\/wp\/v2\/users\/2"}],"replies":[{"embeddable":true,"href":"https:\/\/www.altares.be\/fr\/wp-json\/wp\/v2\/comments?post=51340"}],"version-history":[{"count":0,"href":"https:\/\/www.altares.be\/fr\/wp-json\/wp\/v2\/posts\/51340\/revisions"}],"wp:featuredmedia":[{"embeddable":true,"href":"https:\/\/www.altares.be\/fr\/wp-json\/wp\/v2\/media\/51345"}],"wp:attachment":[{"href":"https:\/\/www.altares.be\/fr\/wp-json\/wp\/v2\/media?parent=51340"}],"wp:term":[{"taxonomy":"category","embeddable":true,"href":"https:\/\/www.altares.be\/fr\/wp-json\/wp\/v2\/categories?post=51340"},{"taxonomy":"post_tag","embeddable":true,"href":"https:\/\/www.altares.be\/fr\/wp-json\/wp\/v2\/tags?post=51340"}],"curies":[{"name":"wp","href":"https:\/\/api.w.org\/{rel}","templated":true}]}}