{"id":52865,"date":"2025-12-09T10:35:20","date_gmt":"2025-12-09T09:35:20","guid":{"rendered":"https:\/\/www.altares.be\/?p=52865"},"modified":"2025-12-09T10:35:21","modified_gmt":"2025-12-09T09:35:21","slug":"avenir-lutte-contre-blanchiment-argent-europe-ce-que-les-institutions-tenues-a-declaration-doivent-savoir","status":"publish","type":"post","link":"https:\/\/www.altares.be\/fr\/blog\/compliance\/de-toekomst-van-aml-in-europa-wat-meldingsplichtige-instellingen-moeten-weten\/","title":{"rendered":"L\u2019avenir de la lutte contre le blanchiment d\u2019argent en Europe\u00a0: ce que les institutions tenues \u00e0 d\u00e9claration doivent savoir"},"content":{"rendered":"<p class=\"translation-block\">L\u2019Europe est \u00e0 la veille de la plus vaste r\u00e9forme anti-blanchiment de son histoire. Avec la cr\u00e9ation de l\u2019Autorit\u00e9 europ\u00e9enne de lutte contre le blanchiment de capitaux et le financement du terrorisme (AMLA), ce ne sont pas seulement les m\u00e9canismes de supervision qui \u00e9voluent\u00a0: les attentes envers les institutions tenues \u00e0 obligations changent elles aussi profond\u00e9ment. L\u2019impact de ces transformations est clairement mis en \u00e9vidence dans la publication <a href=\"https:\/\/www.europarl.europa.eu\/RegData\/etudes\/IDAN\/2025\/773721\/ECTI_IDA(2025)773721_EN.pdf\" data-lf-fd-inspected-lynor8xrezo4wqjz=\"true\" target=\"_self\"><em>The Future of Anti-Money Laundering in the European Union<\/em><\/a> (novembre\u00a02025), r\u00e9alis\u00e9e par l\u2019unit\u00e9 Contr\u00f4le de la gouvernance \u00e9conomique et de l\u2019UEM du Parlement europ\u00e9en. Ce briefing analyse la cr\u00e9ation de l\u2019AMLA dans le cadre de la r\u00e9forme AML\/CFT de 2024 et ses implications pour les institutions assujetties dans l\u2019ensemble de l\u2019Union.<\/p>\n\n\n\n<figure class=\"wp-block-image size-full\"><img fetchpriority=\"high\" decoding=\"async\" width=\"880\" height=\"472\" src=\"https:\/\/www.altares.be\/wp-content\/uploads\/2025\/12\/Zandloper.webp\" alt=\"Sablier\" class=\"wp-image-52866\" srcset=\"https:\/\/www.altares.be\/wp-content\/uploads\/2025\/12\/Zandloper.webp 880w, https:\/\/www.altares.be\/wp-content\/uploads\/2025\/12\/Zandloper-300x161.webp 300w, https:\/\/www.altares.be\/wp-content\/uploads\/2025\/12\/Zandloper-150x80.webp 150w, https:\/\/www.altares.be\/wp-content\/uploads\/2025\/12\/Zandloper-768x412.webp 768w, https:\/\/www.altares.be\/wp-content\/uploads\/2025\/12\/Zandloper-18x10.webp 18w, https:\/\/www.altares.be\/wp-content\/uploads\/2025\/12\/Zandloper-24x13.webp 24w, https:\/\/www.altares.be\/wp-content\/uploads\/2025\/12\/Zandloper-36x19.webp 36w, https:\/\/www.altares.be\/wp-content\/uploads\/2025\/12\/Zandloper-48x26.webp 48w\" sizes=\"(max-width: 880px) 100vw, 880px\" \/><\/figure>\n\n\n\n<h2 class=\"wp-block-heading\">Pourquoi l\u2019ALMA est-elle essentielle\u00a0?<\/h2>\n\n\n\n<p>Le blanchiment d\u2019argent et le financement du terrorisme constituent des risques bien r\u00e9els. Selon l\u2019ONUDC, jusqu\u2019\u00e0 5\u00a0% du PIB mondial serait blanchi chaque ann\u00e9e. Dans l\u2019UE, 70\u00a0% des r\u00e9seaux criminels d\u00e9pendent du blanchiment pour dissimuler leurs profits illicites. Les scandales Danske Bank, Swedbank ou encore Pilatus Bank illustrent \u00e0 quel point une supervision fragment\u00e9e peut fragiliser la confiance dans le syst\u00e8me financier.<\/p>\n\n\n\n<p>Et le probl\u00e8me reste entier. Entre mars\u00a02024 et mars\u00a02025, les autorit\u00e9s europ\u00e9ennes ont inflig\u00e9 plus de 36\u00a0millions d\u2019euros d\u2019amendes dans une trentaine de proc\u00e9dures d\u2019ex\u00e9cution de la r\u00e9glementation, visant principalement les prestataires de services de paiement et les \u00e9tablissements de monnaie \u00e9lectronique. Ces dossiers r\u00e9v\u00e8lent des lacunes persistantes dans les enqu\u00eates clients, la gouvernance et la surveillance des transactions.<\/p>\n\n\n\n<p>Le rapport SOCTA\u00a02025 d\u2019Europol alerte \u00e9galement sur l\u2019utilisation croissante des cryptomonnaies et de la finance d\u00e9centralis\u00e9e (DeFi) par les r\u00e9seaux criminels, cr\u00e9ant un \u00e9cosyst\u00e8me financier parall\u00e8le qui menace la stabilit\u00e9 \u00e9conomique. De son c\u00f4t\u00e9, Nasdaq Verafin estime qu\u2019en 2024, environ 750\u00a0milliards de dollars de fonds illicites auraient circul\u00e9 en Europe, dont un quart via des flux transfrontaliers.<\/p>\n\n\n\n<p>Face \u00e0 ces constats, la cr\u00e9ation de l\u2019AMLA appara\u00eet comme une \u00e9tape incontournable\u00a0: dans un syst\u00e8me financier d\u00e9sormais num\u00e9rique, global et hautement vuln\u00e9rable aux abus, une supervision morcel\u00e9e n\u2019est plus tenable.<\/p>\n\n\n\n<p><strong>Lisez aussi : <\/strong><a href=\"https:\/\/www.altares.be\/fr\/blog\/compliance\/se-preparer-amla-4-etapes-cadre-aml-solide-conforme\/\">Se pr\u00e9parer \u00e0 l\u2019AMLA : 4 \u00e9tapes pour un cadre AML solide et conforme<\/a><\/p>\n\n\n\n<h2 class=\"wp-block-heading\">D\u00e9fis pour les autorit\u00e9s de contr\u00f4le et les institutions assujetties<\/h2>\n\n\n\n<p>La nouvelle architecture s\u2019appuie sur un cadre uniforme d\u2019obligations via le r\u00e8glement relatif \u00e0 la lutte contre le blanchiment d\u2019argent (AMLR), une coordination renforc\u00e9e \u00e0 travers la sixi\u00e8me directive anti-blanchiment (AMLD6) et une supervision centralis\u00e9e exerc\u00e9e par l\u2019AMLA. Pour les institutions tenues \u00e0 d\u00e9claration, cela implique\u00a0:<\/p>\n\n\n\n<ul class=\"wp-block-list\">\n<li>Le renforcement des enqu\u00eates clients\u00a0: v\u00e9rification des clients, transparence des b\u00e9n\u00e9ficiaires effectifs et contr\u00f4les suppl\u00e9mentaires pour les transactions \u00e0 haut risque.<\/li>\n\n\n\n<li>Le plafonnement des paiements en esp\u00e8ces\u00a0: limite fix\u00e9e \u00e0 10\u00a0000\u00a0euros pour r\u00e9duire l\u2019anonymat dans toute l\u2019UE.<\/li>\n\n\n\n<li>La surveillance de la finance num\u00e9rique\u00a0: inclusion explicite des prestataires de services de cryptomonnaies et des plateformes DeFi.<\/li>\n\n\n\n<li>Un \u00e9change d\u2019informations transfrontalier\u00a0: collaboration renforc\u00e9e entre les cellules de renseignement financier nationales, sous l\u2019impulsion de l\u2019AMLA.<\/li>\n<\/ul>\n\n\n\n<h2 class=\"wp-block-heading\">Un impact sectoriel diff\u00e9renci\u00e9<\/h2>\n\n\n\n<p>Les r\u00e9formes touchent chaque type d\u2019acteur de mani\u00e8re sp\u00e9cifique\u00a0:<\/p>\n\n\n\n<ul class=\"wp-block-list\">\n<li><strong>Banques et assureurs\u00a0:<\/strong> d\u00e9j\u00e0 fortement r\u00e9gul\u00e9s, mais d\u00e9sormais align\u00e9s sur des standards europ\u00e9ens harmonis\u00e9s qui r\u00e9duisent les divergences nationales.<\/li>\n\n\n\n<li><strong>Prestataires de services de paiement et fintechs\u00a0:<\/strong> sous surveillance renforc\u00e9e apr\u00e8s des sanctions r\u00e9centes\u00a0; ils doivent concilier innovation et conformit\u00e9 pour \u00e9viter que les paiements instantan\u00e9s ou l\u2019open banking servent de vecteur \u00e0 des flux illicites.<\/li>\n\n\n\n<li><strong>Prestataires de services sur crypto-actifs\u00a0:<\/strong> nouvellement int\u00e9gr\u00e9s au p\u00e9rim\u00e8tre AMLR, avec des obligations plus strictes en mati\u00e8re d\u2019enqu\u00eate client et de monitoring.<\/li>\n\n\n\n<li><strong>Entit\u00e9s non financi\u00e8res\u00a0:<\/strong> courtiers, comptables, avocats, clubs de football\u2026 doivent se conformer \u00e0 des exigences parfois nouvelles, mais essentielles pour combler les br\u00e8ches du syst\u00e8me.<\/li>\n<\/ul>\n\n\n\n<h2 class=\"wp-block-heading\">Contexte mondial<\/h2>\n\n\n\n<p>Cette transformation ne s\u2019op\u00e8re pas en vase clos. Elle s\u2019inscrit dans le cadre des normes internationales du Groupe d\u2019action financi\u00e8re (GAFI), qui promeut depuis de nombreuses ann\u00e9es plus de transparence dans les transactions financi\u00e8res. En int\u00e9grant l\u2019AMLA \u00e0 la gouvernance europ\u00e9enne, l\u2019UE affirme son ambition de se positionner en leader mondial de l\u2019int\u00e9grit\u00e9 financi\u00e8re.<\/p>\n\n\n\n<h2 class=\"wp-block-heading\">Et maintenant\u00a0? Le chemin vers 2028<\/h2>\n\n\n\n<p>La mise en \u0153uvre de l\u2019AMLA se fera progressivement\u00a0:<\/p>\n\n\n\n<ul class=\"wp-block-list\">\n<li><strong>2028<\/strong>\u00a0: l\u2019AMLA devient pleinement op\u00e9rationnelle, avec des pouvoirs de supervision directe sur les institutions \u00e0 haut risque.<\/li>\n\n\n\n<li><strong>2025<\/strong>\u00a0: d\u00e9but des activit\u00e9s \u00e0 Francfort.<\/li>\n\n\n\n<li><strong>2027<\/strong>\u00a0: transposition de l\u2019AMLD6 par les \u00c9tats membres.<\/li>\n<\/ul>\n\n\n\n<h2 class=\"wp-block-heading\">Liste de contr\u00f4le pour les institutions assujetties<\/h2>\n\n\n\n<p>Pour se pr\u00e9parer efficacement, les organisations doivent\u00a0:<\/p>\n\n\n\n<ol start=\"1\" class=\"wp-block-list\">\n<li>Identifier les dispositions de l\u2019AMLR et de l\u2019AMLD6 qui s\u2019appliquent \u00e0 leur activit\u00e9.<\/li>\n\n\n\n<li>V\u00e9rifier l\u2019exhaustivit\u00e9 et l\u2019actualit\u00e9 des donn\u00e9es clients et des informations sur les UBO.<\/li>\n\n\n\n<li>Automatiser les processus de conformit\u00e9 pour garantir des contr\u00f4les et des reportings \u00e9volutifs.<\/li>\n\n\n\n<li>Renforcer la formation des \u00e9quipes conformit\u00e9, risque et op\u00e9rations.<\/li>\n\n\n\n<li>Suivre attentivement les orientations de l\u2019AMLA et des autorit\u00e9s nationales.<\/li>\n<\/ol>\n\n\n\n<h2 class=\"wp-block-heading\">Le r\u00f4le des donn\u00e9es fiables dans la conformit\u00e9 AML<\/h2>\n\n\n\n<p class=\"translation-block\">Chez Altares Dun &amp; Bradstreet, nous consid\u00e9rons la conformit\u00e9 comme un enjeu strat\u00e9gique. Nous accompagnons les organisations gr\u00e2ce \u00e0 des donn\u00e9es, analyses et insights fiables, essentiels pour r\u00e9pondre aux nouvelles attentes r\u00e9glementaires. Nos donn\u00e9es sur les structures d\u2019entreprise facilitent l\u2019identification des b\u00e9n\u00e9ficiaires effectifs. Nos scores de risque et outils de monitoring s\u2019alignent sur l\u2019approche harmonis\u00e9e de gestion des risques au sein de l\u2019UE. Gr\u00e2ce au nuage de donn\u00e9es de Dun &amp; Bradstreet, les organisations b\u00e9n\u00e9ficient d\u2019une visibilit\u00e9 accrue sur les relations et flux transfrontaliers. Nos flux de travail automatis\u00e9s r\u00e9duisent la charge op\u00e9rationnelle et lib\u00e8rent du temps pour la strat\u00e9gie. D\u00e9couvrez <a href=\"https:\/\/www.altares.nl\/compliance\/\" target=\"_self\">ici<\/a> nos solutions de compliance.<\/p>\n\n\n\n<p><strong>Lisez aussi : <\/strong><a href=\"https:\/\/www.altares.be\/fr\/blog\/compliance\/quelles-donnees-pour-un-processus-de-conformite-performant\/\">Quelles donn\u00e9es pour un processus de conformit\u00e9 performant ?<\/a><\/p>\n\n\n\n<h2 class=\"wp-block-heading\">La conformit\u00e9 comme avantage<\/h2>\n\n\n\n<p>La r\u00e9forme AML\/CFT ne vise pas uniquement \u00e0 \u00e9viter les sanctions. Elle permet aussi aux organisations de renforcer la confiance dans un march\u00e9 o\u00f9 la transparence est de plus en plus appr\u00e9ci\u00e9e. Celles qui anticipent les changements et adoptent des technologies et des donn\u00e9es fiables ne se contentent pas de respecter les r\u00e8gles\u00a0: elles renforcent leur r\u00e9putation et leur r\u00e9silience.<\/p>\n\n\n\n<p><\/p>","protected":false},"excerpt":{"rendered":"<p>L\u2019UE franchit une \u00e9tape majeure dans la lutte contre le blanchiment avec la cr\u00e9ation de l\u2019AMLA et un cadre r\u00e9glementaire enti\u00e8rement revu. Cet article de blog explique ce que cela signifie pour les institutions assujetties, o\u00f9 se situent les principaux risques et quelles pr\u00e9parations sont d\u00e8s \u00e0 pr\u00e9sent indispensables. En quelques minutes, vous comprendrez l\u2019impact, les opportunit\u00e9s et les actions qu\u2019il ne faut plus remettre \u00e0 plus tard.<\/p>","protected":false},"author":8,"featured_media":52866,"comment_status":"closed","ping_status":"closed","sticky":false,"template":"","format":"standard","meta":{"_acf_changed":false,"inline_featured_image":false,"footnotes":""},"categories":[17],"tags":[],"class_list":["post-52865","post","type-post","status-publish","format-standard","has-post-thumbnail","hentry","category-compliance"],"acf":[],"yoast_head":"<!-- This site is optimized with the Yoast SEO plugin v27.3 - https:\/\/yoast.com\/product\/yoast-seo-wordpress\/ -->\n<title>De toekomst van AML in Europa: wat meldingsplichtige instellingen moeten weten - Altares<\/title>\n<meta name=\"description\" content=\"Ontdek wat de komst van AMLA betekent voor meldingsplichtige instellingen in Europa. Deze blog legt de belangrijkste veranderingen, risico\u2019s en vereisten uit en laat zien hoe organisaties zich nu al kunnen voorbereiden op het nieuwe anti-witwaskader.\" \/>\n<meta name=\"robots\" content=\"index, follow, max-snippet:-1, max-image-preview:large, max-video-preview:-1\" \/>\n<link rel=\"canonical\" href=\"https:\/\/www.altares.be\/fr\/blog\/compliance\/avenir-lutte-contre-blanchiment-argent-europe-ce-que-les-institutions-tenues-a-declaration-doivent-savoir\/\" \/>\n<meta property=\"og:locale\" content=\"fr_FR\" \/>\n<meta property=\"og:type\" content=\"article\" \/>\n<meta property=\"og:title\" content=\"De toekomst van AML in Europa: wat meldingsplichtige instellingen moeten weten - Altares\" \/>\n<meta property=\"og:description\" content=\"Ontdek wat de komst van AMLA betekent voor meldingsplichtige instellingen in Europa. Deze blog legt de belangrijkste veranderingen, risico\u2019s en vereisten uit en laat zien hoe organisaties zich nu al kunnen voorbereiden op het nieuwe anti-witwaskader.\" \/>\n<meta property=\"og:url\" content=\"https:\/\/www.altares.be\/fr\/blog\/compliance\/avenir-lutte-contre-blanchiment-argent-europe-ce-que-les-institutions-tenues-a-declaration-doivent-savoir\/\" \/>\n<meta property=\"og:site_name\" content=\"Altares\" \/>\n<meta property=\"article:published_time\" content=\"2025-12-09T09:35:20+00:00\" \/>\n<meta property=\"article:modified_time\" content=\"2025-12-09T09:35:21+00:00\" \/>\n<meta property=\"og:image\" content=\"https:\/\/www.altares.be\/wp-content\/uploads\/2025\/12\/Zandloper.webp\" \/>\n\t<meta property=\"og:image:width\" content=\"880\" \/>\n\t<meta property=\"og:image:height\" content=\"472\" \/>\n\t<meta property=\"og:image:type\" content=\"image\/webp\" \/>\n<meta name=\"author\" content=\"Henrica Westhoeve\" \/>\n<meta name=\"twitter:card\" content=\"summary_large_image\" \/>\n<meta name=\"twitter:label1\" content=\"\u00c9crit par\" \/>\n\t<meta name=\"twitter:data1\" content=\"Henrica Westhoeve\" \/>\n\t<meta name=\"twitter:label2\" content=\"Dur\u00e9e de lecture est.\" \/>\n\t<meta name=\"twitter:data2\" content=\"5 minutes\" \/>\n<script type=\"application\/ld+json\" class=\"yoast-schema-graph\">{\"@context\":\"https:\\\/\\\/schema.org\",\"@graph\":[{\"@type\":\"Article\",\"@id\":\"https:\\\/\\\/www.altares.be\\\/blog\\\/compliance\\\/de-toekomst-van-aml-in-europa-wat-meldingsplichtige-instellingen-moeten-weten\\\/#article\",\"isPartOf\":{\"@id\":\"https:\\\/\\\/www.altares.be\\\/blog\\\/compliance\\\/de-toekomst-van-aml-in-europa-wat-meldingsplichtige-instellingen-moeten-weten\\\/\"},\"author\":{\"name\":\"Henrica Westhoeve\",\"@id\":\"https:\\\/\\\/www.altares.be\\\/#\\\/schema\\\/person\\\/3c4ef1183f1d86e6d89e6ff59ccc317a\"},\"headline\":\"De toekomst van AML in Europa: wat meldingsplichtige instellingen moeten weten\",\"datePublished\":\"2025-12-09T09:35:20+00:00\",\"dateModified\":\"2025-12-09T09:35:21+00:00\",\"mainEntityOfPage\":{\"@id\":\"https:\\\/\\\/www.altares.be\\\/blog\\\/compliance\\\/de-toekomst-van-aml-in-europa-wat-meldingsplichtige-instellingen-moeten-weten\\\/\"},\"wordCount\":820,\"publisher\":{\"@id\":\"https:\\\/\\\/www.altares.be\\\/#organization\"},\"image\":{\"@id\":\"https:\\\/\\\/www.altares.be\\\/blog\\\/compliance\\\/de-toekomst-van-aml-in-europa-wat-meldingsplichtige-instellingen-moeten-weten\\\/#primaryimage\"},\"thumbnailUrl\":\"https:\\\/\\\/www.altares.be\\\/wp-content\\\/uploads\\\/2025\\\/12\\\/Zandloper.webp\",\"articleSection\":[\"Compliance\"],\"inLanguage\":\"fr-BE\"},{\"@type\":\"WebPage\",\"@id\":\"https:\\\/\\\/www.altares.be\\\/blog\\\/compliance\\\/de-toekomst-van-aml-in-europa-wat-meldingsplichtige-instellingen-moeten-weten\\\/\",\"url\":\"https:\\\/\\\/www.altares.be\\\/blog\\\/compliance\\\/de-toekomst-van-aml-in-europa-wat-meldingsplichtige-instellingen-moeten-weten\\\/\",\"name\":\"De toekomst van AML in Europa: wat meldingsplichtige instellingen moeten weten - Altares\",\"isPartOf\":{\"@id\":\"https:\\\/\\\/www.altares.be\\\/#website\"},\"primaryImageOfPage\":{\"@id\":\"https:\\\/\\\/www.altares.be\\\/blog\\\/compliance\\\/de-toekomst-van-aml-in-europa-wat-meldingsplichtige-instellingen-moeten-weten\\\/#primaryimage\"},\"image\":{\"@id\":\"https:\\\/\\\/www.altares.be\\\/blog\\\/compliance\\\/de-toekomst-van-aml-in-europa-wat-meldingsplichtige-instellingen-moeten-weten\\\/#primaryimage\"},\"thumbnailUrl\":\"https:\\\/\\\/www.altares.be\\\/wp-content\\\/uploads\\\/2025\\\/12\\\/Zandloper.webp\",\"datePublished\":\"2025-12-09T09:35:20+00:00\",\"dateModified\":\"2025-12-09T09:35:21+00:00\",\"description\":\"Ontdek wat de komst van AMLA betekent voor meldingsplichtige instellingen in Europa. Deze blog legt de belangrijkste veranderingen, risico\u2019s en vereisten uit en laat zien hoe organisaties zich nu al kunnen voorbereiden op het nieuwe anti-witwaskader.\",\"breadcrumb\":{\"@id\":\"https:\\\/\\\/www.altares.be\\\/blog\\\/compliance\\\/de-toekomst-van-aml-in-europa-wat-meldingsplichtige-instellingen-moeten-weten\\\/#breadcrumb\"},\"inLanguage\":\"fr-BE\",\"potentialAction\":[{\"@type\":\"ReadAction\",\"target\":[\"https:\\\/\\\/www.altares.be\\\/blog\\\/compliance\\\/de-toekomst-van-aml-in-europa-wat-meldingsplichtige-instellingen-moeten-weten\\\/\"]}]},{\"@type\":\"ImageObject\",\"inLanguage\":\"fr-BE\",\"@id\":\"https:\\\/\\\/www.altares.be\\\/blog\\\/compliance\\\/de-toekomst-van-aml-in-europa-wat-meldingsplichtige-instellingen-moeten-weten\\\/#primaryimage\",\"url\":\"https:\\\/\\\/www.altares.be\\\/wp-content\\\/uploads\\\/2025\\\/12\\\/Zandloper.webp\",\"contentUrl\":\"https:\\\/\\\/www.altares.be\\\/wp-content\\\/uploads\\\/2025\\\/12\\\/Zandloper.webp\",\"width\":880,\"height\":472,\"caption\":\"Zandloper\"},{\"@type\":\"BreadcrumbList\",\"@id\":\"https:\\\/\\\/www.altares.be\\\/blog\\\/compliance\\\/de-toekomst-van-aml-in-europa-wat-meldingsplichtige-instellingen-moeten-weten\\\/#breadcrumb\",\"itemListElement\":[{\"@type\":\"ListItem\",\"position\":1,\"name\":\"Home\",\"item\":\"https:\\\/\\\/www.altares.be\\\/\"},{\"@type\":\"ListItem\",\"position\":2,\"name\":\"De toekomst van AML in Europa: wat meldingsplichtige instellingen moeten weten\"}]},{\"@type\":\"WebSite\",\"@id\":\"https:\\\/\\\/www.altares.be\\\/#website\",\"url\":\"https:\\\/\\\/www.altares.be\\\/\",\"name\":\"Altares\",\"description\":\"part of the Dun &amp; Bradstreet worldwide network\",\"publisher\":{\"@id\":\"https:\\\/\\\/www.altares.be\\\/#organization\"},\"potentialAction\":[{\"@type\":\"SearchAction\",\"target\":{\"@type\":\"EntryPoint\",\"urlTemplate\":\"https:\\\/\\\/www.altares.be\\\/?s={search_term_string}\"},\"query-input\":{\"@type\":\"PropertyValueSpecification\",\"valueRequired\":true,\"valueName\":\"search_term_string\"}}],\"inLanguage\":\"fr-BE\"},{\"@type\":\"Organization\",\"@id\":\"https:\\\/\\\/www.altares.be\\\/#organization\",\"name\":\"Altares\",\"url\":\"https:\\\/\\\/www.altares.be\\\/\",\"logo\":{\"@type\":\"ImageObject\",\"inLanguage\":\"fr-BE\",\"@id\":\"https:\\\/\\\/www.altares.be\\\/#\\\/schema\\\/logo\\\/image\\\/\",\"url\":\"https:\\\/\\\/www.altares.be\\\/wp-content\\\/uploads\\\/2021\\\/03\\\/Altares_RGB_liggend.svg\",\"contentUrl\":\"https:\\\/\\\/www.altares.be\\\/wp-content\\\/uploads\\\/2021\\\/03\\\/Altares_RGB_liggend.svg\",\"width\":145.57333,\"height\":20.52,\"caption\":\"Altares\"},\"image\":{\"@id\":\"https:\\\/\\\/www.altares.be\\\/#\\\/schema\\\/logo\\\/image\\\/\"}},{\"@type\":\"Person\",\"@id\":\"https:\\\/\\\/www.altares.be\\\/#\\\/schema\\\/person\\\/3c4ef1183f1d86e6d89e6ff59ccc317a\",\"name\":\"Henrica Westhoeve\",\"image\":{\"@type\":\"ImageObject\",\"inLanguage\":\"fr-BE\",\"@id\":\"https:\\\/\\\/secure.gravatar.com\\\/avatar\\\/11644803bab06ea4958c4e58de449d933fda93285bcedeeac8f778e30352e72c?s=96&d=mm&r=g\",\"url\":\"https:\\\/\\\/secure.gravatar.com\\\/avatar\\\/11644803bab06ea4958c4e58de449d933fda93285bcedeeac8f778e30352e72c?s=96&d=mm&r=g\",\"contentUrl\":\"https:\\\/\\\/secure.gravatar.com\\\/avatar\\\/11644803bab06ea4958c4e58de449d933fda93285bcedeeac8f778e30352e72c?s=96&d=mm&r=g\",\"caption\":\"Henrica Westhoeve\"}}]}<\/script>\n<!-- \/ Yoast SEO plugin. -->","yoast_head_json":{"title":"L\u2019avenir de la lutte contre le blanchiment d\u2019argent en Europe\u00a0: ce que les institutions tenues \u00e0 d\u00e9claration doivent savoir \u2013 Altares","description":"D\u00e9couvrez ce que l\u2019arriv\u00e9e de l\u2019AMLA implique pour les institutions assujetties en Europe. Cet article de blog pr\u00e9sente les principaux changements, risques et exigences, et explique comment les organisations peuvent d\u00e8s \u00e0 pr\u00e9sent se pr\u00e9parer au nouveau cadre anti-blanchiment.","robots":{"index":"index","follow":"follow","max-snippet":"max-snippet:-1","max-image-preview":"max-image-preview:large","max-video-preview":"max-video-preview:-1"},"canonical":"https:\/\/www.altares.be\/fr\/blog\/compliance\/avenir-lutte-contre-blanchiment-argent-europe-ce-que-les-institutions-tenues-a-declaration-doivent-savoir\/","og_locale":"fr_FR","og_type":"article","og_title":"De toekomst van AML in Europa: wat meldingsplichtige instellingen moeten weten - Altares","og_description":"Ontdek wat de komst van AMLA betekent voor meldingsplichtige instellingen in Europa. Deze blog legt de belangrijkste veranderingen, risico\u2019s en vereisten uit en laat zien hoe organisaties zich nu al kunnen voorbereiden op het nieuwe anti-witwaskader.","og_url":"https:\/\/www.altares.be\/fr\/blog\/compliance\/avenir-lutte-contre-blanchiment-argent-europe-ce-que-les-institutions-tenues-a-declaration-doivent-savoir\/","og_site_name":"Altares","article_published_time":"2025-12-09T09:35:20+00:00","article_modified_time":"2025-12-09T09:35:21+00:00","og_image":[{"width":880,"height":472,"url":"https:\/\/www.altares.be\/wp-content\/uploads\/2025\/12\/Zandloper.webp","type":"image\/webp"}],"author":"Henrica Westhoeve","twitter_card":"summary_large_image","twitter_misc":{"\u00c9crit par":"Henrica Westhoeve","Dur\u00e9e de lecture est.":"5 minutes"},"schema":{"@context":"https:\/\/schema.org","@graph":[{"@type":"Article","@id":"https:\/\/www.altares.be\/blog\/compliance\/de-toekomst-van-aml-in-europa-wat-meldingsplichtige-instellingen-moeten-weten\/#article","isPartOf":{"@id":"https:\/\/www.altares.be\/blog\/compliance\/de-toekomst-van-aml-in-europa-wat-meldingsplichtige-instellingen-moeten-weten\/"},"author":{"name":"Henrica Westhoeve","@id":"https:\/\/www.altares.be\/#\/schema\/person\/3c4ef1183f1d86e6d89e6ff59ccc317a"},"headline":"De toekomst van AML in Europa: wat meldingsplichtige instellingen moeten weten","datePublished":"2025-12-09T09:35:20+00:00","dateModified":"2025-12-09T09:35:21+00:00","mainEntityOfPage":{"@id":"https:\/\/www.altares.be\/blog\/compliance\/de-toekomst-van-aml-in-europa-wat-meldingsplichtige-instellingen-moeten-weten\/"},"wordCount":820,"publisher":{"@id":"https:\/\/www.altares.be\/#organization"},"image":{"@id":"https:\/\/www.altares.be\/blog\/compliance\/de-toekomst-van-aml-in-europa-wat-meldingsplichtige-instellingen-moeten-weten\/#primaryimage"},"thumbnailUrl":"https:\/\/www.altares.be\/wp-content\/uploads\/2025\/12\/Zandloper.webp","articleSection":["Compliance"],"inLanguage":"fr-BE"},{"@type":"WebPage","@id":"https:\/\/www.altares.be\/blog\/compliance\/de-toekomst-van-aml-in-europa-wat-meldingsplichtige-instellingen-moeten-weten\/","url":"https:\/\/www.altares.be\/blog\/compliance\/de-toekomst-van-aml-in-europa-wat-meldingsplichtige-instellingen-moeten-weten\/","name":"L\u2019avenir de la lutte contre le blanchiment d\u2019argent en Europe\u00a0: ce que les institutions tenues \u00e0 d\u00e9claration doivent savoir \u2013 Altares","isPartOf":{"@id":"https:\/\/www.altares.be\/#website"},"primaryImageOfPage":{"@id":"https:\/\/www.altares.be\/blog\/compliance\/de-toekomst-van-aml-in-europa-wat-meldingsplichtige-instellingen-moeten-weten\/#primaryimage"},"image":{"@id":"https:\/\/www.altares.be\/blog\/compliance\/de-toekomst-van-aml-in-europa-wat-meldingsplichtige-instellingen-moeten-weten\/#primaryimage"},"thumbnailUrl":"https:\/\/www.altares.be\/wp-content\/uploads\/2025\/12\/Zandloper.webp","datePublished":"2025-12-09T09:35:20+00:00","dateModified":"2025-12-09T09:35:21+00:00","description":"D\u00e9couvrez ce que l\u2019arriv\u00e9e de l\u2019AMLA implique pour les institutions assujetties en Europe. Cet article de blog pr\u00e9sente les principaux changements, risques et exigences, et explique comment les organisations peuvent d\u00e8s \u00e0 pr\u00e9sent se pr\u00e9parer au nouveau cadre anti-blanchiment.","breadcrumb":{"@id":"https:\/\/www.altares.be\/blog\/compliance\/de-toekomst-van-aml-in-europa-wat-meldingsplichtige-instellingen-moeten-weten\/#breadcrumb"},"inLanguage":"fr-BE","potentialAction":[{"@type":"ReadAction","target":["https:\/\/www.altares.be\/blog\/compliance\/de-toekomst-van-aml-in-europa-wat-meldingsplichtige-instellingen-moeten-weten\/"]}]},{"@type":"ImageObject","inLanguage":"fr-BE","@id":"https:\/\/www.altares.be\/blog\/compliance\/de-toekomst-van-aml-in-europa-wat-meldingsplichtige-instellingen-moeten-weten\/#primaryimage","url":"https:\/\/www.altares.be\/wp-content\/uploads\/2025\/12\/Zandloper.webp","contentUrl":"https:\/\/www.altares.be\/wp-content\/uploads\/2025\/12\/Zandloper.webp","width":880,"height":472,"caption":"Zandloper"},{"@type":"BreadcrumbList","@id":"https:\/\/www.altares.be\/blog\/compliance\/de-toekomst-van-aml-in-europa-wat-meldingsplichtige-instellingen-moeten-weten\/#breadcrumb","itemListElement":[{"@type":"ListItem","position":1,"name":"Home","item":"https:\/\/www.altares.be\/"},{"@type":"ListItem","position":2,"name":"De toekomst van AML in Europa: wat meldingsplichtige instellingen moeten weten"}]},{"@type":"WebSite","@id":"https:\/\/www.altares.be\/#website","url":"https:\/\/www.altares.be\/","name":"Altares","description":"partenaire du r\u00e9seau mondial de Dun\u00a0&amp;\u00a0Bradstreet","publisher":{"@id":"https:\/\/www.altares.be\/#organization"},"potentialAction":[{"@type":"SearchAction","target":{"@type":"EntryPoint","urlTemplate":"https:\/\/www.altares.be\/?s={search_term_string}"},"query-input":{"@type":"PropertyValueSpecification","valueRequired":true,"valueName":"search_term_string"}}],"inLanguage":"fr-BE"},{"@type":"Organization","@id":"https:\/\/www.altares.be\/#organization","name":"Altares","url":"https:\/\/www.altares.be\/","logo":{"@type":"ImageObject","inLanguage":"fr-BE","@id":"https:\/\/www.altares.be\/#\/schema\/logo\/image\/","url":"https:\/\/www.altares.be\/wp-content\/uploads\/2021\/03\/Altares_RGB_liggend.svg","contentUrl":"https:\/\/www.altares.be\/wp-content\/uploads\/2021\/03\/Altares_RGB_liggend.svg","width":145.57333,"height":20.52,"caption":"Altares"},"image":{"@id":"https:\/\/www.altares.be\/#\/schema\/logo\/image\/"}},{"@type":"Person","@id":"https:\/\/www.altares.be\/#\/schema\/person\/3c4ef1183f1d86e6d89e6ff59ccc317a","name":"Henrica Westhoeve","image":{"@type":"ImageObject","inLanguage":"fr-BE","@id":"https:\/\/secure.gravatar.com\/avatar\/11644803bab06ea4958c4e58de449d933fda93285bcedeeac8f778e30352e72c?s=96&d=mm&r=g","url":"https:\/\/secure.gravatar.com\/avatar\/11644803bab06ea4958c4e58de449d933fda93285bcedeeac8f778e30352e72c?s=96&d=mm&r=g","contentUrl":"https:\/\/secure.gravatar.com\/avatar\/11644803bab06ea4958c4e58de449d933fda93285bcedeeac8f778e30352e72c?s=96&d=mm&r=g","caption":"Henrica Westhoeve"}}]}},"_links":{"self":[{"href":"https:\/\/www.altares.be\/fr\/wp-json\/wp\/v2\/posts\/52865","targetHints":{"allow":["GET"]}}],"collection":[{"href":"https:\/\/www.altares.be\/fr\/wp-json\/wp\/v2\/posts"}],"about":[{"href":"https:\/\/www.altares.be\/fr\/wp-json\/wp\/v2\/types\/post"}],"author":[{"embeddable":true,"href":"https:\/\/www.altares.be\/fr\/wp-json\/wp\/v2\/users\/8"}],"replies":[{"embeddable":true,"href":"https:\/\/www.altares.be\/fr\/wp-json\/wp\/v2\/comments?post=52865"}],"version-history":[{"count":0,"href":"https:\/\/www.altares.be\/fr\/wp-json\/wp\/v2\/posts\/52865\/revisions"}],"wp:featuredmedia":[{"embeddable":true,"href":"https:\/\/www.altares.be\/fr\/wp-json\/wp\/v2\/media\/52866"}],"wp:attachment":[{"href":"https:\/\/www.altares.be\/fr\/wp-json\/wp\/v2\/media?parent=52865"}],"wp:term":[{"taxonomy":"category","embeddable":true,"href":"https:\/\/www.altares.be\/fr\/wp-json\/wp\/v2\/categories?post=52865"},{"taxonomy":"post_tag","embeddable":true,"href":"https:\/\/www.altares.be\/fr\/wp-json\/wp\/v2\/tags?post=52865"}],"curies":[{"name":"wp","href":"https:\/\/api.w.org\/{rel}","templated":true}]}}